{"id":75958,"date":"2025-08-23T11:42:36","date_gmt":"2025-08-23T14:42:36","guid":{"rendered":"https:\/\/www.masrojo.com.ar\/home\/?p=75958"},"modified":"2025-08-23T11:42:36","modified_gmt":"2025-08-23T14:42:36","slug":"comunicado-oficial-copa-sudamericana","status":"publish","type":"post","link":"https:\/\/www.masrojo.com.ar\/home\/2025\/08\/23\/comunicado-oficial-copa-sudamericana\/","title":{"rendered":"Comunicado oficial: Copa Sudamericana"},"content":{"rendered":"<p><strong>El Club Atl\u00e9tico Independiente condena en\u00e9rgicamente los grav\u00edsimos hechos de violencia ocurridos anoche<\/strong>\u00a0en el Estadio Libertadores de Am\u00e9rica \u2013 Ricardo E. Bochini, que obligaron a la cancelaci\u00f3n del encuentro entre nuestra Instituci\u00f3n y la Universidad de Chile, por parte de CONMEBOL.<\/p>\n<p>De acuerdo con las im\u00e1genes difundidas, reportes oficiales y partes policiales,\u00a0<strong>los incidentes se iniciaron en el sector visitante<\/strong>\u00a0desde la previa del partido. En primera instancia, atacaron e inactivaron el sistema cerrado de c\u00e1maras de seguridad, y luego, procedieron a destruir las instalaciones sanitarias del sector. Seguidamente, la parcialidad visitante utiliz\u00f3 los escombros como proyectiles y lanz\u00f3 pirotecnia hacia los socios locales que se encontraban en la tribuna baja y en una de las gargantas adyacentes a la tribuna sur. Posteriormente, se produjeron\u00a0<strong>agresiones inaceptables<\/strong>\u00a0por parte de grupos locales.<\/p>\n<p>Desde el primer momento, el Club\u00a0<strong>activ\u00f3 los protocolos de seguridad<\/strong>, coordin\u00f3 con las autoridades presentes y con la organizaci\u00f3n del torneo, y\u00a0<strong>dispuso asistencia m\u00e9dica a los personas lesionadas<\/strong>\u00a0en total cumplimiento del Manual CONMEBOL. Por otro lado y tal como lo hemos hecho hasta ahora, continuaremos colaborando plenamente con la investigaci\u00f3n en curso aportando toda la evidencia disponible y nos ponemos a disposici\u00f3n de los heridos y damnificados.<\/p>\n<h3>Reiteramos con total claridad:\u00a0<strong>rechazamos toda forma de violencia, provenga de quien provenga.<\/strong><\/h3>\n<p><strong>El Club trabajar\u00e1 incansablemente para que cada responsable individual sea identificado y sancionado<\/strong>, solicitando la aplicaci\u00f3n del derecho de admisi\u00f3n a los delincuentes disfrazados de hinchas que respondieron con violencia las agresiones de la parcialidad visitante. Reclamaremos a los responsables y terceros los da\u00f1os materiales ocasionados en nuestras instalaciones. Al mismo tiempo, el Presidente y el Secretario General del Club se encuentran camino a Paraguay para trabajar en representaci\u00f3n del Club Atl\u00e9tico Independiente ante CONMEBOL y terminar de resolver las implicancias a nivel deportivo.<\/p>\n<h3><strong>A nuestras socias y socios: entendemos la preocupaci\u00f3n y el dolor por lo sucedido. Nuestro compromiso es cuidar a nuestra gente.<\/strong><\/h3>\n<p>Por ello, para este partido trabajamos en conjunto con CONMEBOL, A.Pre.Vi.De, Polic\u00eda Bonaerense y Carabineros de Chile poniendo a disposici\u00f3n de la organizaci\u00f3n un operativo que cumpl\u00eda en todo con la normativa vigente y con las exigencias estipuladas para este tipo de competiciones. Sin embargo,\u00a0<strong>no alcanz\u00f3 para contener la desmedida violencia<\/strong>\u00a0desplegada anoche por quienes, lejos de los valores que deben primar en el deporte, eligieron la agresi\u00f3n y pusieron en riesgo la integridad de miles de personas que fueron al estadio a alentar y disfrutar de un espect\u00e1culo deportivo.<\/p>\n<h3><strong>Somos Independiente. La violencia no nos representa.<\/strong><\/h3>\n","protected":false},"excerpt":{"rendered":"<div class=\"mh-excerpt\"><p>El Club Atl\u00e9tico Independiente condena en\u00e9rgicamente los grav\u00edsimos hechos de violencia ocurridos anoche\u00a0en el Estadio Libertadores de Am\u00e9rica \u2013 Ricardo E. Bochini, que obligaron a la cancelaci\u00f3n del encuentro entre nuestra Instituci\u00f3n y la Universidad <a class=\"mh-excerpt-more\" href=\"https:\/\/www.masrojo.com.ar\/home\/2025\/08\/23\/comunicado-oficial-copa-sudamericana\/\" title=\"Comunicado oficial: Copa Sudamericana\">[&#8230;]<\/a><\/p>\n<\/div>","protected":false},"author":6,"featured_media":1946,"comment_status":"closed","ping_status":"closed","sticky":false,"template":"","format":"standard","meta":{"_jetpack_memberships_contains_paid_content":false,"footnotes":"","jetpack_publicize_message":"","jetpack_publicize_feature_enabled":true,"jetpack_social_post_already_shared":true,"jetpack_social_options":{"image_generator_settings":{"template":"highway","enabled":false},"version":2}},"categories":[4,8],"tags":[],"class_list":{"0":"post-75958","1":"post","2":"type-post","3":"status-publish","4":"format-standard","5":"has-post-thumbnail","7":"category-actualidad","8":"category-institucionales"},"jetpack_publicize_connections":[],"jetpack_sharing_enabled":true,"jetpack_featured_media_url":"https:\/\/i0.wp.com\/www.masrojo.com.ar\/home\/wp-content\/uploads\/2017\/10\/sedemitre470.jpg?fit=560%2C336&ssl=1","jetpack_shortlink":"https:\/\/wp.me\/p90W9F-jL8","_links":{"self":[{"href":"https:\/\/www.masrojo.com.ar\/home\/wp-json\/wp\/v2\/posts\/75958"}],"collection":[{"href":"https:\/\/www.masrojo.com.ar\/home\/wp-json\/wp\/v2\/posts"}],"about":[{"href":"https:\/\/www.masrojo.com.ar\/home\/wp-json\/wp\/v2\/types\/post"}],"author":[{"embeddable":true,"href":"https:\/\/www.masrojo.com.ar\/home\/wp-json\/wp\/v2\/users\/6"}],"replies":[{"embeddable":true,"href":"https:\/\/www.masrojo.com.ar\/home\/wp-json\/wp\/v2\/comments?post=75958"}],"version-history":[{"count":1,"href":"https:\/\/www.masrojo.com.ar\/home\/wp-json\/wp\/v2\/posts\/75958\/revisions"}],"predecessor-version":[{"id":75959,"href":"https:\/\/www.masrojo.com.ar\/home\/wp-json\/wp\/v2\/posts\/75958\/revisions\/75959"}],"wp:featuredmedia":[{"embeddable":true,"href":"https:\/\/www.masrojo.com.ar\/home\/wp-json\/wp\/v2\/media\/1946"}],"wp:attachment":[{"href":"https:\/\/www.masrojo.com.ar\/home\/wp-json\/wp\/v2\/media?parent=75958"}],"wp:term":[{"taxonomy":"category","embeddable":true,"href":"https:\/\/www.masrojo.com.ar\/home\/wp-json\/wp\/v2\/categories?post=75958"},{"taxonomy":"post_tag","embeddable":true,"href":"https:\/\/www.masrojo.com.ar\/home\/wp-json\/wp\/v2\/tags?post=75958"}],"curies":[{"name":"wp","href":"https:\/\/api.w.org\/{rel}","templated":true}]}}