{"id":75963,"date":"2025-08-23T11:54:38","date_gmt":"2025-08-23T14:54:38","guid":{"rendered":"https:\/\/www.masrojo.com.ar\/home\/?p=75963"},"modified":"2025-08-23T11:54:38","modified_gmt":"2025-08-23T14:54:38","slug":"conmebol-abrio-un-expediente-disciplinario","status":"publish","type":"post","link":"https:\/\/www.masrojo.com.ar\/home\/2025\/08\/23\/conmebol-abrio-un-expediente-disciplinario\/","title":{"rendered":"Conmebol abri\u00f3 un expediente disciplinario"},"content":{"rendered":"<p>La Confederaci\u00f3n Sudamericana public\u00f3 el informe del \u00e1rbitro y del delegado.<br \/>\nImputa al club argentino de infringir 8 art\u00edculos del C\u00f3digo Disciplinario, el Reglamento de Seguridad y el Manual de Clubes.<br \/>\nCu\u00e1les son las posibles sanciones.<\/p>\n<div id=\"element-body-0\" class=\"sc-45461e9c-0 eqiBeF container-text text-embed \">\n<p>La\u00a0<strong>Confederaci\u00f3n Sudamericana de F\u00fatbol<\/strong>\u00a0decidi\u00f3 abrir un expediente disciplinario a los clubes Independiente y Universidad de Chile tras los graves hechos de violencia registrados el mi\u00e9rcoles en el Estadio Libertadores de Am\u00e9rica-Ricardo Enrique Bochini durante el partido revancha por los octavos de final de la Copa Sudamericana.\u00a0<strong>Es la primera vez que la Conmebol se expresa de manera oficial tras los graves incidentes en Avellaneda.<\/strong><\/p>\n<\/div>\n<div id=\"element-body-1\" class=\"sc-45461e9c-0 eqiBeF container-text text-embed \">\n<p>La entidad con sede en Luque, Paraguay, emiti\u00f3 un documento en el que incluye el informe del \u00e1rbitro del partido, el uruguayo Gustavo Tejera, y tambi\u00e9n advirti\u00f3 que los clubes tienen 5 d\u00edas (hasta las 13 de Paraguay del 27 de agosto) para presentar sus alegatos. De la misma forma que inform\u00f3 que se enfrentan a posibles sanciones que se expresan en el Art\u00edculo 6, el 27 y Anexo I de la \u00abLista de Sanciones del C\u00f3digo Disciplinario de la Conmebol\u00bb. Entre esas posibles sanciones se encuentran dar \u00abpor perdido el partido por 3-0\u00bb a uno de los clubes, pero tambi\u00e9n que\u00a0<strong><em>\u00aben casos excepcionales, los \u00f3rganos judiciales velando por la integridad de la competici\u00f3n y el principio pro competitione podr\u00e1n imponer otras sanciones a la Asociaci\u00f3n Miembro o club que no sea la derrota por responsabilidad o negligencia\u00bb.<\/em><\/strong>\u00a0Eso incluye la posible descalificaci\u00f3n de uno o de los dos equipos.<\/p>\n<\/div>\n<div id=\"element-body-2\" class=\"sc-45461e9c-0 eqiBeF container-text text-embed \">\n<p>Adem\u00e1s, hay multas econ\u00f3micas que van desde los 3.000 a los 50.000 d\u00f3lares por diferentes infracciones como \u00abarrojar objetos\u00bb, \u00abdemorar el inicio del partido\u00bb, \u00abactos de racismo\u00bb y otras infracciones.<\/p>\n<div id=\"element-body-3\" class=\"sc-45461e9c-0 eqiBeF container-text text-embed \">\n<p><strong>En tanto, el resumen del informe arbitral indica:<\/strong><\/p>\n<\/div>\n<div id=\"element-body-4\" class=\"sc-45461e9c-0 eqiBeF container-text text-embed \">\n<ul>\n<li><strong>Durante el primer tiempo:<\/strong>\u00a0la hinchada visitante de Universidad de Chile, ubicada en la tribuna Sur Alta, arroj\u00f3 objetos y l\u00edquidos a la parcialidad local de Independiente (Sur Baja). La voz del estadio pidi\u00f3 en varias ocasiones que cesara la violencia.<\/li>\n<\/ul>\n<\/div>\n<div id=\"element-body-5\" class=\"sc-45461e9c-0 eqiBeF container-text text-embed \">\n<ul>\n<li><strong>Final del primer tiempo:<\/strong>\u00a0seguridad inform\u00f3 que los visitantes destruyeron ba\u00f1os y usaron los restos como proyectiles.<\/li>\n<\/ul>\n<\/div>\n<div id=\"element-body-6\" class=\"sc-45461e9c-0 eqiBeF container-text text-embed \">\n<ul>\n<li><strong>Entretiempo:<\/strong>\u00a0los oficiales de seguridad de Conmebol pidieron a la Polic\u00eda ingresar a la tribuna visitante para contener la violencia; el jefe operativo, Comisario Javier Bibiano, lo rechaz\u00f3 argumentando que pod\u00eda provocar una tragedia.<\/li>\n<\/ul>\n<\/div>\n<div id=\"element-body-7\" class=\"sc-45461e9c-0 eqiBeF container-text text-embed \">\n<ul>\n<li><strong>Inicio del segundo tiempo:<\/strong>\u00a0tras pedidos de calma a los capitanes y a trav\u00e9s de la voz del estadio, se reanud\u00f3 el partido, pero solo se jugaron 2 minutos. Un hincha local ingres\u00f3 al campo con heridas en la cabeza.<\/li>\n<\/ul>\n<\/div>\n<div id=\"element-body-8\" class=\"sc-45461e9c-0 eqiBeF container-text text-embed \">\n<ul>\n<li><strong>Escalada de violencia:<\/strong>\u00a0hinchas visitantes lanzaron butacas, piedras y una bomba de estruendo; hinchas locales treparon hacia la tribuna visitante. Se produjeron enfrentamientos cuerpo a cuerpo.<\/li>\n<\/ul>\n<\/div>\n<div id=\"element-body-9\" class=\"sc-45461e9c-0 eqiBeF container-text text-embed \">\n<ul>\n<li><strong>Invasi\u00f3n y choques:<\/strong>\u00a0hinchas de Independiente ingresaron a la bandeja visitante y tambi\u00e9n atacaron buses del club chileno en el exterior del estadio.<\/li>\n<\/ul>\n<\/div>\n<div id=\"element-body-10\" class=\"sc-45461e9c-0 eqiBeF container-text text-embed \">\n<ul>\n<li>Capitanes de ambos equipos (Rey y Ar\u00e1nguiz) manifestaron que no se pod\u00eda seguir jugando.<\/li>\n<\/ul>\n<\/div>\n<div id=\"element-body-11\" class=\"sc-45461e9c-0 eqiBeF container-text text-embed \">\n<p><strong>Decisiones:\u00a0<\/strong>El delegado del partido, en coordinaci\u00f3n con \u00e1rbitros y oficiales de seguridad, decidi\u00f3 suspender el encuentro.<\/p>\n<\/div>\n<div id=\"element-body-12\" class=\"sc-45461e9c-0 eqiBeF container-text text-embed \">\n<p>La Polic\u00eda Bonaerense mantuvo la negativa de intervenir dentro de la tribuna visitante.<\/p>\n<\/div>\n<div id=\"element-body-13\" class=\"sc-45461e9c-0 eqiBeF container-text text-embed \">\n<p>El Viceministro de Seguridad de la Provincia, Dar\u00edo Ruiz, respald\u00f3 esa decisi\u00f3n alegando protocolos internos.<\/p>\n<\/div>\n<div class=\"sc-11262993-7 gaPywU bannerCollapse\">\n<div id=\"div-gpt-ad-inread4\" class=\"sc-96f02e54-0 fDKIdn lazyBanner\" data-google-query-id=\"CMTTr9OXoY8DFV-NpgQdzj0aOw\">\n<div id=\"google_ads_iframe_\/242767168\/clarin\/deportes\/nota\/inread4_0__container__\"><iframe id=\"google_ads_iframe_\/242767168\/clarin\/deportes\/nota\/inread4_0\" tabindex=\"0\" title=\"3rd party ad content\" name=\"google_ads_iframe_\/242767168\/clarin\/deportes\/nota\/inread4_0\" width=\"1\" height=\"1\" frameborder=\"0\" marginwidth=\"0\" marginheight=\"0\" scrolling=\"no\" aria-label=\"Advertisement\" data-readystate=\"complete\" data-load-complete=\"true\" data-google-container-id=\"i\" data-gtm-yt-inspected-61897_520=\"true\" data-gtm-yt-inspected-31=\"true\" data-gtm-yt-inspected-8=\"true\" data-mce-fragment=\"1\"><\/iframe><\/div>\n<\/div>\n<\/div>\n<div id=\"element-body-14\" class=\"sc-45461e9c-0 eqiBeF container-text text-embed \">\n<p>A las 23.35 se oficializ\u00f3 la cancelaci\u00f3n del partido por falta de garant\u00edas.<\/p>\n<\/div>\n<div id=\"element-body-15\" class=\"sc-45461e9c-0 eqiBeF container-text text-embed \">\n<p><strong>Observaciones relevantes<\/strong><\/p>\n<\/div>\n<div id=\"element-body-16\" class=\"sc-45461e9c-0 eqiBeF container-text text-embed \">\n<ol>\n<li>Conmebol hab\u00eda recomendado en la reuni\u00f3n previa (MD-1) no habilitar la tribuna Sur Baja para el p\u00fablico local, advertencia que no fue acatada por Independiente, que ya hab\u00eda vendido esas entradas<\/li>\n<li>No hubo escolta policial para los traslados del equipo visitante.<\/li>\n<li>Hubo destrozos, enfrentamientos violentos, varios heridos y da\u00f1os en las instalaciones del estadio.<\/li>\n<\/ol>\n<\/div>\n<\/div>\n","protected":false},"excerpt":{"rendered":"<div class=\"mh-excerpt\"><p>La Confederaci\u00f3n Sudamericana public\u00f3 el informe del \u00e1rbitro y del delegado. Imputa al club argentino de infringir 8 art\u00edculos del C\u00f3digo Disciplinario, el Reglamento de Seguridad y el Manual de Clubes. Cu\u00e1les son las posibles <a class=\"mh-excerpt-more\" href=\"https:\/\/www.masrojo.com.ar\/home\/2025\/08\/23\/conmebol-abrio-un-expediente-disciplinario\/\" title=\"Conmebol abri\u00f3 un expediente disciplinario\">[&#8230;]<\/a><\/p>\n<\/div>","protected":false},"author":6,"featured_media":75964,"comment_status":"closed","ping_status":"closed","sticky":false,"template":"","format":"image","meta":{"_jetpack_memberships_contains_paid_content":false,"footnotes":"","jetpack_publicize_message":"","jetpack_publicize_feature_enabled":true,"jetpack_social_post_already_shared":true,"jetpack_social_options":{"image_generator_settings":{"template":"highway","enabled":false},"version":2}},"categories":[4],"tags":[],"class_list":{"0":"post-75963","1":"post","2":"type-post","3":"status-publish","4":"format-image","5":"has-post-thumbnail","7":"category-actualidad","8":"post_format-post-format-image"},"jetpack_publicize_connections":[],"jetpack_sharing_enabled":true,"jetpack_featured_media_url":"https:\/\/i0.wp.com\/www.masrojo.com.ar\/home\/wp-content\/uploads\/okeyconmebol-750px_44_3.jpg?fit=1162%2C751&ssl=1","jetpack_shortlink":"https:\/\/wp.me\/p90W9F-jLd","_links":{"self":[{"href":"https:\/\/www.masrojo.com.ar\/home\/wp-json\/wp\/v2\/posts\/75963"}],"collection":[{"href":"https:\/\/www.masrojo.com.ar\/home\/wp-json\/wp\/v2\/posts"}],"about":[{"href":"https:\/\/www.masrojo.com.ar\/home\/wp-json\/wp\/v2\/types\/post"}],"author":[{"embeddable":true,"href":"https:\/\/www.masrojo.com.ar\/home\/wp-json\/wp\/v2\/users\/6"}],"replies":[{"embeddable":true,"href":"https:\/\/www.masrojo.com.ar\/home\/wp-json\/wp\/v2\/comments?post=75963"}],"version-history":[{"count":1,"href":"https:\/\/www.masrojo.com.ar\/home\/wp-json\/wp\/v2\/posts\/75963\/revisions"}],"predecessor-version":[{"id":75965,"href":"https:\/\/www.masrojo.com.ar\/home\/wp-json\/wp\/v2\/posts\/75963\/revisions\/75965"}],"wp:featuredmedia":[{"embeddable":true,"href":"https:\/\/www.masrojo.com.ar\/home\/wp-json\/wp\/v2\/media\/75964"}],"wp:attachment":[{"href":"https:\/\/www.masrojo.com.ar\/home\/wp-json\/wp\/v2\/media?parent=75963"}],"wp:term":[{"taxonomy":"category","embeddable":true,"href":"https:\/\/www.masrojo.com.ar\/home\/wp-json\/wp\/v2\/categories?post=75963"},{"taxonomy":"post_tag","embeddable":true,"href":"https:\/\/www.masrojo.com.ar\/home\/wp-json\/wp\/v2\/tags?post=75963"}],"curies":[{"name":"wp","href":"https:\/\/api.w.org\/{rel}","templated":true}]}}