{"id":76038,"date":"2025-10-01T09:05:20","date_gmt":"2025-10-01T12:05:20","guid":{"rendered":"https:\/\/www.masrojo.com.ar\/home\/?p=76038"},"modified":"2025-10-01T09:05:20","modified_gmt":"2025-10-01T12:05:20","slug":"los-hinchas-del-rojo-se-manifestaron-contra-la-dirigencia","status":"publish","type":"post","link":"https:\/\/www.masrojo.com.ar\/home\/2025\/10\/01\/los-hinchas-del-rojo-se-manifestaron-contra-la-dirigencia\/","title":{"rendered":"LOS HINCHAS DEL ROJO SE MANIFESTARON CONTRA LA DIRIGENCIA"},"content":{"rendered":"<p>En sus redes sociales, Independiente inform\u00f3 acerca del esc\u00e1ndalo relacionado con las marcas que podr\u00edan realizar su vestimenta en 2026. Los fan\u00e1ticos demostraron su enojo con una fuerte convocatoria frente a la sede de Avenida Mitre.<\/p>\n<p>Socios e hinchas se manifestaron en la sede de avenida Mitre para oponerse al contrato con Atomik. La Comisi\u00f3n Directiva aclar\u00f3 que todav\u00eda no est\u00e1 cerrado.<\/p>\n<p>Varios hinchas de Independiente realizaron una fuerte convocatoria en la sede ubicada en Avenida Mitre a modo de protesta por la pol\u00e9mica alrededor de la marca que vestir\u00eda a la instituci\u00f3n en 2026.<\/p>\n<blockquote class=\"twitter-tweet\" data-media-max-width=\"560\">\n<p lang=\"es\" dir=\"ltr\">&#x1f534;&#x1f5e3; LOS HINCHAS DEL ROJO SE MANIFESTARON CONTRA LA DIRIGENCIA<\/p>\n<p>En sus redes sociales, Independiente inform\u00f3 acerca del esc\u00e1ndalo relacionado con las marcas que podr\u00edan realizar su vestimenta en 2026. Los fan\u00e1ticos demostraron su enojo con una fuerte convocatoria frente a la sede\u2026 <a href=\"https:\/\/t.co\/OB3qur0gyR\">pic.twitter.com\/OB3qur0gyR<\/a><\/p>\n<p>&mdash; TyC Sports (@TyCSports) <a href=\"https:\/\/twitter.com\/TyCSports\/status\/1973180474651443476?ref_src=twsrc%5Etfw\">October 1, 2025<\/a><\/p><\/blockquote>\n<p> <script async src=\"https:\/\/platform.twitter.com\/widgets.js\" charset=\"utf-8\"><\/script><\/p>\n","protected":false},"excerpt":{"rendered":"<div class=\"mh-excerpt\"><p>En sus redes sociales, Independiente inform\u00f3 acerca del esc\u00e1ndalo relacionado con las marcas que podr\u00edan realizar su vestimenta en 2026. Los fan\u00e1ticos demostraron su enojo con una fuerte convocatoria frente a la sede de Avenida <a class=\"mh-excerpt-more\" href=\"https:\/\/www.masrojo.com.ar\/home\/2025\/10\/01\/los-hinchas-del-rojo-se-manifestaron-contra-la-dirigencia\/\" title=\"LOS HINCHAS DEL ROJO SE MANIFESTARON CONTRA LA DIRIGENCIA\">[&#8230;]<\/a><\/p>\n<\/div>","protected":false},"author":6,"featured_media":76039,"comment_status":"closed","ping_status":"closed","sticky":false,"template":"","format":"image","meta":{"_jetpack_memberships_contains_paid_content":false,"footnotes":"","jetpack_publicize_message":"","jetpack_publicize_feature_enabled":true,"jetpack_social_post_already_shared":true,"jetpack_social_options":{"image_generator_settings":{"template":"highway","enabled":false},"version":2}},"categories":[4],"tags":[],"class_list":{"0":"post-76038","1":"post","2":"type-post","3":"status-publish","4":"format-image","5":"has-post-thumbnail","7":"category-actualidad","8":"post_format-post-format-image"},"jetpack_publicize_connections":[],"jetpack_sharing_enabled":true,"jetpack_featured_media_url":"https:\/\/i0.wp.com\/www.masrojo.com.ar\/home\/wp-content\/uploads\/marcha.png?fit=1200%2C1006&ssl=1","jetpack_shortlink":"https:\/\/wp.me\/p90W9F-jMq","_links":{"self":[{"href":"https:\/\/www.masrojo.com.ar\/home\/wp-json\/wp\/v2\/posts\/76038"}],"collection":[{"href":"https:\/\/www.masrojo.com.ar\/home\/wp-json\/wp\/v2\/posts"}],"about":[{"href":"https:\/\/www.masrojo.com.ar\/home\/wp-json\/wp\/v2\/types\/post"}],"author":[{"embeddable":true,"href":"https:\/\/www.masrojo.com.ar\/home\/wp-json\/wp\/v2\/users\/6"}],"replies":[{"embeddable":true,"href":"https:\/\/www.masrojo.com.ar\/home\/wp-json\/wp\/v2\/comments?post=76038"}],"version-history":[{"count":1,"href":"https:\/\/www.masrojo.com.ar\/home\/wp-json\/wp\/v2\/posts\/76038\/revisions"}],"predecessor-version":[{"id":76040,"href":"https:\/\/www.masrojo.com.ar\/home\/wp-json\/wp\/v2\/posts\/76038\/revisions\/76040"}],"wp:featuredmedia":[{"embeddable":true,"href":"https:\/\/www.masrojo.com.ar\/home\/wp-json\/wp\/v2\/media\/76039"}],"wp:attachment":[{"href":"https:\/\/www.masrojo.com.ar\/home\/wp-json\/wp\/v2\/media?parent=76038"}],"wp:term":[{"taxonomy":"category","embeddable":true,"href":"https:\/\/www.masrojo.com.ar\/home\/wp-json\/wp\/v2\/categories?post=76038"},{"taxonomy":"post_tag","embeddable":true,"href":"https:\/\/www.masrojo.com.ar\/home\/wp-json\/wp\/v2\/tags?post=76038"}],"curies":[{"name":"wp","href":"https:\/\/api.w.org\/{rel}","templated":true}]}}