{"id":76113,"date":"2025-11-03T11:23:29","date_gmt":"2025-11-03T14:23:29","guid":{"rendered":"https:\/\/www.masrojo.com.ar\/home\/?p=76113"},"modified":"2025-11-03T11:23:29","modified_gmt":"2025-11-03T14:23:29","slug":"la-ilusion-de-quinteros","status":"publish","type":"post","link":"https:\/\/www.masrojo.com.ar\/home\/2025\/11\/03\/la-ilusion-de-quinteros\/","title":{"rendered":"LA ILUSI\u00d3N DE QUINTEROS"},"content":{"rendered":"<p>El entrenador del Rojo marc\u00f3 la importancia del triunfo 3-0 sobre Atl\u00e9tico Tucum\u00e1n.<\/p>\n<p>La victoria le permiti\u00f3 al Rojo seguir so\u00f1ando con clasificarse a playoffs del Torneo Clausura y\/o a la Sudamericana, para lo que debe ganar los dos encuentros que le quedan ante Riestra y Rosario Central.<\/p>\n<p>\u00abTenemos la obligaci\u00f3n de ganar para mantener la ilusi\u00f3n de clasificar a algo. Podr\u00edamos haber sumado algunos puntos m\u00e1s y tener m\u00e1s expectativa\u00bb, sostuvo el entrenador.<\/p>\n<p>Cuando le preguntaron por el mercado de pases que se le viene al club, marc\u00f3: \u00abQueremos formar un equipo competitivo, que pelee arriba y sea protagonista. Tenemos que buscar jugadores que tengan nivel para Independiente. Por momentos el equipo juega como quiero\u00bb.<\/p>\n<p>El ex V\u00e9lez pidi\u00f3 expresamente por la continuidad en 2026 de Rodrigo Ferp\u00e1ndez Cedr\u00e9s, Joaqu\u00edn Bl\u00e1zquez y Federico Mancuello, a quien destac\u00f3 como un l\u00edder positivo, y, en contraparte, explic\u00f3 la ausencia de Pablo Galdames. \u00abEst\u00e1 bajo an\u00edmicamente, falto de confianza. Quer\u00eda cuidarlo, por eso no estuvo citado\u201d, dijo sobre el Chileno.<\/p>\n<p><iframe loading=\"lazy\" width=\"560\" height=\"315\" src=\"https:\/\/www.youtube.com\/embed\/O6wnEqFOR9M?si=MjlEnwAhkEaooPcg\" title=\"YouTube video player\" frameborder=\"0\" allow=\"accelerometer; autoplay; clipboard-write; encrypted-media; gyroscope; picture-in-picture; web-share\" referrerpolicy=\"strict-origin-when-cross-origin\" allowfullscreen><\/iframe><\/p>\n","protected":false},"excerpt":{"rendered":"<div class=\"mh-excerpt\"><p>El entrenador del Rojo marc\u00f3 la importancia del triunfo 3-0 sobre Atl\u00e9tico Tucum\u00e1n. La victoria le permiti\u00f3 al Rojo seguir so\u00f1ando con clasificarse a playoffs del Torneo Clausura y\/o a la Sudamericana, para lo que <a class=\"mh-excerpt-more\" href=\"https:\/\/www.masrojo.com.ar\/home\/2025\/11\/03\/la-ilusion-de-quinteros\/\" title=\"LA ILUSI\u00d3N DE QUINTEROS\">[&#8230;]<\/a><\/p>\n<\/div>","protected":false},"author":6,"featured_media":76114,"comment_status":"closed","ping_status":"closed","sticky":false,"template":"","format":"video","meta":{"_jetpack_memberships_contains_paid_content":false,"footnotes":"","jetpack_publicize_message":"","jetpack_publicize_feature_enabled":true,"jetpack_social_post_already_shared":true,"jetpack_social_options":{"image_generator_settings":{"template":"highway","enabled":false},"version":2}},"categories":[4],"tags":[],"class_list":{"0":"post-76113","1":"post","2":"type-post","3":"status-publish","4":"format-video","5":"has-post-thumbnail","7":"category-actualidad","8":"post_format-post-format-video"},"jetpack_publicize_connections":[],"jetpack_sharing_enabled":true,"jetpack_featured_media_url":"https:\/\/i0.wp.com\/www.masrojo.com.ar\/home\/wp-content\/uploads\/Sin-titulo-31.png?fit=1350%2C900&ssl=1","jetpack_shortlink":"https:\/\/wp.me\/p90W9F-jND","_links":{"self":[{"href":"https:\/\/www.masrojo.com.ar\/home\/wp-json\/wp\/v2\/posts\/76113"}],"collection":[{"href":"https:\/\/www.masrojo.com.ar\/home\/wp-json\/wp\/v2\/posts"}],"about":[{"href":"https:\/\/www.masrojo.com.ar\/home\/wp-json\/wp\/v2\/types\/post"}],"author":[{"embeddable":true,"href":"https:\/\/www.masrojo.com.ar\/home\/wp-json\/wp\/v2\/users\/6"}],"replies":[{"embeddable":true,"href":"https:\/\/www.masrojo.com.ar\/home\/wp-json\/wp\/v2\/comments?post=76113"}],"version-history":[{"count":1,"href":"https:\/\/www.masrojo.com.ar\/home\/wp-json\/wp\/v2\/posts\/76113\/revisions"}],"predecessor-version":[{"id":76115,"href":"https:\/\/www.masrojo.com.ar\/home\/wp-json\/wp\/v2\/posts\/76113\/revisions\/76115"}],"wp:featuredmedia":[{"embeddable":true,"href":"https:\/\/www.masrojo.com.ar\/home\/wp-json\/wp\/v2\/media\/76114"}],"wp:attachment":[{"href":"https:\/\/www.masrojo.com.ar\/home\/wp-json\/wp\/v2\/media?parent=76113"}],"wp:term":[{"taxonomy":"category","embeddable":true,"href":"https:\/\/www.masrojo.com.ar\/home\/wp-json\/wp\/v2\/categories?post=76113"},{"taxonomy":"post_tag","embeddable":true,"href":"https:\/\/www.masrojo.com.ar\/home\/wp-json\/wp\/v2\/tags?post=76113"}],"curies":[{"name":"wp","href":"https:\/\/api.w.org\/{rel}","templated":true}]}}