{"id":76117,"date":"2025-11-11T20:21:04","date_gmt":"2025-11-11T23:21:04","guid":{"rendered":"https:\/\/www.masrojo.com.ar\/home\/?p=76117"},"modified":"2025-11-18T20:36:02","modified_gmt":"2025-11-18T23:36:02","slug":"gustavo-quinteros-de-su-autocritica-a-los-dardos-al-arbitraje","status":"publish","type":"post","link":"https:\/\/www.masrojo.com.ar\/home\/2025\/11\/11\/gustavo-quinteros-de-su-autocritica-a-los-dardos-al-arbitraje\/","title":{"rendered":"Gustavo Quinteros, de su autocr\u00edtica a los dardos al arbitraje"},"content":{"rendered":"<p>El entrenador de Independiente valor\u00f3 la victoria ag\u00f3nica, que lo mantiene con esperanzas coperas.<\/p>\n<p>\u201cLa mano sobre el final era penal para nosotros. No s\u00e9 por qu\u00e9 no lo cobr\u00f3 el \u00e1rbitro ni el VAR\u201d, coment\u00f3 el entrenador en conferencia de prensa.<\/p>\n<p>\u201cEste equipo no merece estar en la posici\u00f3n que est\u00e1 Hay un poco de angustia por no haber podido clasificar entre los 8. Estamos en deuda con la gente. Estoy en deuda\u00bb, agreg\u00f3 Gustavo Quinteros.<\/p>\n<p>\u00abCon Central es una final. Vamos a enfrentar al mejor equipo del a\u00f1o\u201d, cerr\u00f3 el entrenador de Independiente.<\/p>\n<p>Gustavo Quinteros gan\u00f3 por segunda vez en el Guillermo Laza, un reducto que se hab\u00eda vuelto prohibido para los rivales de Deportivo Riestra.<\/p>\n<p>Independiente necesita ganar y esperar para clasificarse a la pr\u00f3xima edici\u00f3n de la Conmebol Sudamericana. El Rojo obtuvo su tercera victoria en fila, aunque <\/p>\n","protected":false},"excerpt":{"rendered":"<div class=\"mh-excerpt\"><p>El entrenador de Independiente valor\u00f3 la victoria ag\u00f3nica, que lo mantiene con esperanzas coperas. \u201cLa mano sobre el final era penal para nosotros. No s\u00e9 por qu\u00e9 no lo cobr\u00f3 el \u00e1rbitro ni el VAR\u201d, <a class=\"mh-excerpt-more\" href=\"https:\/\/www.masrojo.com.ar\/home\/2025\/11\/11\/gustavo-quinteros-de-su-autocritica-a-los-dardos-al-arbitraje\/\" title=\"Gustavo Quinteros, de su autocr\u00edtica a los dardos al arbitraje\">[&#8230;]<\/a><\/p>\n<\/div>","protected":false},"author":6,"featured_media":76118,"comment_status":"closed","ping_status":"closed","sticky":false,"template":"","format":"image","meta":{"_jetpack_memberships_contains_paid_content":false,"footnotes":"","jetpack_publicize_message":"","jetpack_publicize_feature_enabled":true,"jetpack_social_post_already_shared":true,"jetpack_social_options":{"image_generator_settings":{"template":"highway","enabled":false},"version":2}},"categories":[4],"tags":[],"class_list":{"0":"post-76117","1":"post","2":"type-post","3":"status-publish","4":"format-image","5":"has-post-thumbnail","7":"category-actualidad","8":"post_format-post-format-image"},"jetpack_publicize_connections":[],"jetpack_sharing_enabled":true,"jetpack_featured_media_url":"https:\/\/i0.wp.com\/www.masrojo.com.ar\/home\/wp-content\/uploads\/riestr.jpg?fit=1200%2C900&ssl=1","jetpack_shortlink":"https:\/\/wp.me\/p90W9F-jNH","_links":{"self":[{"href":"https:\/\/www.masrojo.com.ar\/home\/wp-json\/wp\/v2\/posts\/76117"}],"collection":[{"href":"https:\/\/www.masrojo.com.ar\/home\/wp-json\/wp\/v2\/posts"}],"about":[{"href":"https:\/\/www.masrojo.com.ar\/home\/wp-json\/wp\/v2\/types\/post"}],"author":[{"embeddable":true,"href":"https:\/\/www.masrojo.com.ar\/home\/wp-json\/wp\/v2\/users\/6"}],"replies":[{"embeddable":true,"href":"https:\/\/www.masrojo.com.ar\/home\/wp-json\/wp\/v2\/comments?post=76117"}],"version-history":[{"count":1,"href":"https:\/\/www.masrojo.com.ar\/home\/wp-json\/wp\/v2\/posts\/76117\/revisions"}],"predecessor-version":[{"id":76119,"href":"https:\/\/www.masrojo.com.ar\/home\/wp-json\/wp\/v2\/posts\/76117\/revisions\/76119"}],"wp:featuredmedia":[{"embeddable":true,"href":"https:\/\/www.masrojo.com.ar\/home\/wp-json\/wp\/v2\/media\/76118"}],"wp:attachment":[{"href":"https:\/\/www.masrojo.com.ar\/home\/wp-json\/wp\/v2\/media?parent=76117"}],"wp:term":[{"taxonomy":"category","embeddable":true,"href":"https:\/\/www.masrojo.com.ar\/home\/wp-json\/wp\/v2\/categories?post=76117"},{"taxonomy":"post_tag","embeddable":true,"href":"https:\/\/www.masrojo.com.ar\/home\/wp-json\/wp\/v2\/tags?post=76117"}],"curies":[{"name":"wp","href":"https:\/\/api.w.org\/{rel}","templated":true}]}}