{"id":76123,"date":"2025-11-16T20:26:27","date_gmt":"2025-11-16T23:26:27","guid":{"rendered":"https:\/\/www.masrojo.com.ar\/home\/?p=76123"},"modified":"2025-11-18T20:36:19","modified_gmt":"2025-11-18T23:36:19","slug":"suena-con-la-sudamericana","status":"publish","type":"post","link":"https:\/\/www.masrojo.com.ar\/home\/2025\/11\/16\/suena-con-la-sudamericana\/","title":{"rendered":"Sue\u00f1a con la Sudamericana"},"content":{"rendered":"<p>El Rojo derrot\u00f3 a un Canalla alternativo en el Libertadores de Am\u00e9rica por la \u00faltima fecha del Torneo Clausura.<\/p>\n<p>Sin chances de playoffs, el Rojo meti\u00f3 su cuarto triunfo al hilo y sigue con chances matem\u00e1ticas de copas a la espera de la liberaci\u00f3n de cupos. El Canalla meti\u00f3 un mix y tras el cierre perdi\u00f3 a Malcorra para los octavos al ser expulsado en una pelea.<\/p>\n<p>Independiente confirm\u00f3 este s\u00e1bado, en su \u00faltimo partido del a\u00f1o, su gran levantada de la mano de Gustavo Quinteros luego de vencer en Avellaneda por 1-0 a Rosario Central, que llegaba invicto y clasificado por lo que eligi\u00f3 parar a muchos suplentes. Llegando a la media hora del primer tiempo, Gabriel \u00c1valos marc\u00f3 el tanto que defini\u00f3 el pleito y luego, si bien no fue un asedio, Rodrigo Rey aport\u00f3 un par de atajadas claves para sostener el marcador. As\u00ed, mientras el Rojo celebraba quedar a la expectativa por un cupo de Copa Sudamericana y el Canalla ya ten\u00eda v\u00eda libre para pensar en los playoffs, una pelea tras el pitazo final de Sebasti\u00e1n Zunino deriv\u00f3 en la expulsi\u00f3n de Rodrigo Fern\u00e1ndez Cedr\u00e9s \u00a1e Ignacio Malcorra!, figura rosarina que no ver\u00e1 acci\u00f3n en octavos.<\/p>\n","protected":false},"excerpt":{"rendered":"<div class=\"mh-excerpt\"><p>El Rojo derrot\u00f3 a un Canalla alternativo en el Libertadores de Am\u00e9rica por la \u00faltima fecha del Torneo Clausura. Sin chances de playoffs, el Rojo meti\u00f3 su cuarto triunfo al hilo y sigue con chances <a class=\"mh-excerpt-more\" href=\"https:\/\/www.masrojo.com.ar\/home\/2025\/11\/16\/suena-con-la-sudamericana\/\" title=\"Sue\u00f1a con la Sudamericana\">[&#8230;]<\/a><\/p>\n<\/div>","protected":false},"author":6,"featured_media":76124,"comment_status":"closed","ping_status":"closed","sticky":false,"template":"","format":"image","meta":{"_jetpack_memberships_contains_paid_content":false,"footnotes":"","jetpack_publicize_message":"","jetpack_publicize_feature_enabled":true,"jetpack_social_post_already_shared":true,"jetpack_social_options":{"image_generator_settings":{"template":"highway","enabled":false},"version":2}},"categories":[4],"tags":[],"class_list":{"0":"post-76123","1":"post","2":"type-post","3":"status-publish","4":"format-image","5":"has-post-thumbnail","7":"category-actualidad","8":"post_format-post-format-image"},"jetpack_publicize_connections":[],"jetpack_sharing_enabled":true,"jetpack_featured_media_url":"https:\/\/i0.wp.com\/www.masrojo.com.ar\/home\/wp-content\/uploads\/AVALOS-1.jpeg?fit=1350%2C900&ssl=1","jetpack_shortlink":"https:\/\/wp.me\/p90W9F-jNN","_links":{"self":[{"href":"https:\/\/www.masrojo.com.ar\/home\/wp-json\/wp\/v2\/posts\/76123"}],"collection":[{"href":"https:\/\/www.masrojo.com.ar\/home\/wp-json\/wp\/v2\/posts"}],"about":[{"href":"https:\/\/www.masrojo.com.ar\/home\/wp-json\/wp\/v2\/types\/post"}],"author":[{"embeddable":true,"href":"https:\/\/www.masrojo.com.ar\/home\/wp-json\/wp\/v2\/users\/6"}],"replies":[{"embeddable":true,"href":"https:\/\/www.masrojo.com.ar\/home\/wp-json\/wp\/v2\/comments?post=76123"}],"version-history":[{"count":1,"href":"https:\/\/www.masrojo.com.ar\/home\/wp-json\/wp\/v2\/posts\/76123\/revisions"}],"predecessor-version":[{"id":76125,"href":"https:\/\/www.masrojo.com.ar\/home\/wp-json\/wp\/v2\/posts\/76123\/revisions\/76125"}],"wp:featuredmedia":[{"embeddable":true,"href":"https:\/\/www.masrojo.com.ar\/home\/wp-json\/wp\/v2\/media\/76124"}],"wp:attachment":[{"href":"https:\/\/www.masrojo.com.ar\/home\/wp-json\/wp\/v2\/media?parent=76123"}],"wp:term":[{"taxonomy":"category","embeddable":true,"href":"https:\/\/www.masrojo.com.ar\/home\/wp-json\/wp\/v2\/categories?post=76123"},{"taxonomy":"post_tag","embeddable":true,"href":"https:\/\/www.masrojo.com.ar\/home\/wp-json\/wp\/v2\/tags?post=76123"}],"curies":[{"name":"wp","href":"https:\/\/api.w.org\/{rel}","templated":true}]}}