{"id":76128,"date":"2025-11-19T09:59:10","date_gmt":"2025-11-19T12:59:10","guid":{"rendered":"https:\/\/www.masrojo.com.ar\/home\/?p=76128"},"modified":"2025-11-19T09:59:10","modified_gmt":"2025-11-19T12:59:10","slug":"el-dt-remarco-la-levantada-del-equipo","status":"publish","type":"post","link":"https:\/\/www.masrojo.com.ar\/home\/2025\/11\/19\/el-dt-remarco-la-levantada-del-equipo\/","title":{"rendered":"El DT remarc\u00f3 la levantada del equipo"},"content":{"rendered":"<p>ndependiente cerr\u00f3 su participaci\u00f3n en el Torneo Clausura 2025 con un triunfo vital por 1-0 frente a Rosario Central, alcanzando su cuarta victoria consecutiva y cumpliendo con la obligaci\u00f3n de sumar de a tres para sostener la ilusi\u00f3n de ingresar a la Copa Sudamericana 2026. Sin embargo, el equipo de Gustavo Quinteros todav\u00eda depende de otros resultados, algo que el propio entrenador lament\u00f3 tras el partido.<\/p>\n<p>Quinteros comenz\u00f3 el an\u00e1lisis resaltando el valor del rival y la complejidad del encuentro. Para \u00e9l, Central fue \u201cel mejor equipo del a\u00f1o\u201d, ya que lider\u00f3 la tabla acumulada: \u201cEnfrentamos, para m\u00ed, al mejor equipo del campeonato porque el que m\u00e1s puntos suma es el mejor.\u201d<\/p>\n<figure class=\"wp-block-embed is-type-video is-provider-youtube wp-block-embed-youtube wp-embed-aspect-16-9 wp-has-aspect-ratio\">\n<div class=\"wp-block-embed__wrapper\"><iframe loading=\"lazy\" title=\"El DT destac\u00f3 la victoria ante Rosario Central, remarc\u00f3 la levantada del equipo.\" src=\"https:\/\/www.youtube.com\/embed\/jdyveFPdJEA?feature=oembed\" width=\"640\" height=\"360\" frameborder=\"0\" allowfullscreen=\"allowfullscreen\"><\/iframe><\/div>\n<\/figure>\n<p>El t\u00e9cnico reconoci\u00f3 que el partido tuvo momentos cambiantes, con dominio alternado entre ambos conjuntos: \u201cPor momentos los superamos, por momentos ellos fueron superiores, sobre todo en las transiciones.\u201d Aun as\u00ed, destac\u00f3 la importancia del resultado: \u201cEra fundamental ganar. Sumamos los tres puntos que necesit\u00e1bamos y ahora debemos esperar. Ojal\u00e1 los dem\u00e1s resultados nos acompa\u00f1en.\u201d<\/p>\n<p>Mirando hacia atr\u00e1s, Quinteros expres\u00f3 su frustraci\u00f3n por los puntos perdidos que hoy mantienen al club dependiendo de terceros: \u201cTuvimos chances claras de sumar m\u00e1s. El cl\u00e1sico lo podr\u00edamos haber ganado, contra Lan\u00fas hicimos un gran partido y el travesa\u00f1o nos jug\u00f3 en contra\u2026 Con un par de puntos m\u00e1s ya estar\u00edamos clasificados.\u201d<\/p>\n<p>Pese a ello, se mostr\u00f3 orgulloso del plantel y su reacci\u00f3n en los \u00faltimos encuentros: \u201cEstos jugadores no merecen estar en esta situaci\u00f3n. Todo lo que vivimos debe servir para valorar m\u00e1s estos momentos positivos. Independiente tiene que estar siempre arriba.\u201d<\/p>\n<p>Con vistas al 2026, el entrenador adelant\u00f3 que busca construir una base fuerte: \u201cVamos a tener m\u00e1s tiempo para trabajar. Estos partidos me sirvieron para conocer al 100% a cada jugador.\u201d Respecto al armado del plantel, fue sincero: \u201cSabemos que el club necesita vender. Habr\u00e1 que ver qui\u00e9n se va y qu\u00e9 porcentaje se puede reinvertir para no debilitar el equipo. Tengo fe en que vamos a armar un plantel competitivo y que represente lo que es Independiente.\u201d<\/p>\n<p>Antes de cerrar, Quinteros dej\u00f3 un mensaje institucional claro: \u201cNecesitamos unidad. Dirigencia, hinchas y nosotros: todos juntos. Es la \u00fanica forma de lograr cosas importantes. Siento que estamos devolviendo algo a la gente, pero todav\u00eda estamos en deuda.\u201d<\/p>\n","protected":false},"excerpt":{"rendered":"<div class=\"mh-excerpt\"><p>ndependiente cerr\u00f3 su participaci\u00f3n en el Torneo Clausura 2025 con un triunfo vital por 1-0 frente a Rosario Central, alcanzando su cuarta victoria consecutiva y cumpliendo con la obligaci\u00f3n de sumar de a tres para <a class=\"mh-excerpt-more\" href=\"https:\/\/www.masrojo.com.ar\/home\/2025\/11\/19\/el-dt-remarco-la-levantada-del-equipo\/\" title=\"El DT remarc\u00f3 la levantada del equipo\">[&#8230;]<\/a><\/p>\n<\/div>","protected":false},"author":6,"featured_media":76114,"comment_status":"closed","ping_status":"closed","sticky":false,"template":"","format":"video","meta":{"_jetpack_memberships_contains_paid_content":false,"footnotes":"","jetpack_publicize_message":"","jetpack_publicize_feature_enabled":true,"jetpack_social_post_already_shared":true,"jetpack_social_options":{"image_generator_settings":{"template":"highway","enabled":false},"version":2}},"categories":[4],"tags":[],"class_list":{"0":"post-76128","1":"post","2":"type-post","3":"status-publish","4":"format-video","5":"has-post-thumbnail","7":"category-actualidad","8":"post_format-post-format-video"},"jetpack_publicize_connections":[],"jetpack_sharing_enabled":true,"jetpack_featured_media_url":"https:\/\/i0.wp.com\/www.masrojo.com.ar\/home\/wp-content\/uploads\/Sin-titulo-31.png?fit=1350%2C900&ssl=1","jetpack_shortlink":"https:\/\/wp.me\/p90W9F-jNS","_links":{"self":[{"href":"https:\/\/www.masrojo.com.ar\/home\/wp-json\/wp\/v2\/posts\/76128"}],"collection":[{"href":"https:\/\/www.masrojo.com.ar\/home\/wp-json\/wp\/v2\/posts"}],"about":[{"href":"https:\/\/www.masrojo.com.ar\/home\/wp-json\/wp\/v2\/types\/post"}],"author":[{"embeddable":true,"href":"https:\/\/www.masrojo.com.ar\/home\/wp-json\/wp\/v2\/users\/6"}],"replies":[{"embeddable":true,"href":"https:\/\/www.masrojo.com.ar\/home\/wp-json\/wp\/v2\/comments?post=76128"}],"version-history":[{"count":1,"href":"https:\/\/www.masrojo.com.ar\/home\/wp-json\/wp\/v2\/posts\/76128\/revisions"}],"predecessor-version":[{"id":76129,"href":"https:\/\/www.masrojo.com.ar\/home\/wp-json\/wp\/v2\/posts\/76128\/revisions\/76129"}],"wp:featuredmedia":[{"embeddable":true,"href":"https:\/\/www.masrojo.com.ar\/home\/wp-json\/wp\/v2\/media\/76114"}],"wp:attachment":[{"href":"https:\/\/www.masrojo.com.ar\/home\/wp-json\/wp\/v2\/media?parent=76128"}],"wp:term":[{"taxonomy":"category","embeddable":true,"href":"https:\/\/www.masrojo.com.ar\/home\/wp-json\/wp\/v2\/categories?post=76128"},{"taxonomy":"post_tag","embeddable":true,"href":"https:\/\/www.masrojo.com.ar\/home\/wp-json\/wp\/v2\/tags?post=76128"}],"curies":[{"name":"wp","href":"https:\/\/api.w.org\/{rel}","templated":true}]}}