{"id":76569,"date":"2026-08-31T08:56:02","date_gmt":"2026-08-31T11:56:02","guid":{"rendered":"https:\/\/www.masrojo.com.ar\/home\/?p=76569"},"modified":"2026-08-31T08:56:02","modified_gmt":"2026-08-31T11:56:02","slug":"un-golpe-durisimo","status":"publish","type":"post","link":"https:\/\/www.masrojo.com.ar\/home\/2026\/08\/31\/un-golpe-durisimo\/","title":{"rendered":"UN GOLPE DUR\u00cdSIMO"},"content":{"rendered":"<p style=\"text-align: justify;\">El Rojo no jug\u00f3 a nada y perdi\u00f3 3-0 en el Libertadores de Am\u00e9rica. Esteban Fern\u00e1ndez y dos golazos de Lencioni le dieron el triunfo al Lobo, que qued\u00f3 l\u00edder de la Zona A. Silbidos y bronca en Avellaneda.<\/p>\n<p style=\"text-align: justify;\">El Rojo naufrag\u00f3 porque tuvo grietas por todos lados contra Gimnasia de Mendoza. Inconexo, no mostr\u00f3 peso ni presencia en la mitad de la cancha. Mill\u00e1n y Montiel no gravitaron en la generaci\u00f3n de juego y tampoco auxiliaron a Marcone en la contenci\u00f3n. A los volantes les ganaron la espalda y el equipo qued\u00f3 muy desprotegido. Los laterales, Godoy y Zabala, no brindaron garant\u00edas. Y si bien el juvenil Arrayago fue ordenado, Lom\u00f3naco cay\u00f3 en la confusi\u00f3n general. As\u00ed, Independiente jug\u00f3 muy abierto frente a un adversario que supo sacar provecho de cada error y que se filtr\u00f3 por cada fisura.<\/p>\n<p style=\"text-align: justify;\">Independiente, que en el primer tiempo intent\u00f3 atacar mediante Guti\u00e9rrez y Palais, sus extremos, se desdibuj\u00f3 completamente despu\u00e9s del gol de Esteban Fern\u00e1ndez tras una falla de Godoy. Los dos golazos de Lencioni, producto de zurdazos precisos y violentos desde afuera del \u00e1rea, expusieron el caos que es el Rojo en todos los aspectos. Porque la crisis futbol\u00edstica es consecuencia de la dirigencial, de la econ\u00f3mica, de la falta de liderazgos, de la ausencia de una l\u00ednea, de la carencia de una idea que alumbre el camino. Independiente, que el viernes pasado transfiri\u00f3 a su goleador, Gabriel \u00c1valos, a cambio de la cancelaci\u00f3n de algunas deudas, tuvo que salir a la cancha con un juvenil como centrodelantero: Felipe Tempone. La enorme responsabilidad de convertir goles recay\u00f3 sobre un futbolista que carece del capital de la experiencia.<\/p>\n","protected":false},"excerpt":{"rendered":"<div class=\"mh-excerpt\"><p>El Rojo no jug\u00f3 a nada y perdi\u00f3 3-0 en el Libertadores de Am\u00e9rica. Esteban Fern\u00e1ndez y dos golazos de Lencioni le dieron el triunfo al Lobo, que qued\u00f3 l\u00edder de la Zona A. Silbidos <a class=\"mh-excerpt-more\" href=\"https:\/\/www.masrojo.com.ar\/home\/2026\/08\/31\/un-golpe-durisimo\/\" title=\"UN GOLPE DUR\u00cdSIMO\">[&#8230;]<\/a><\/p>\n<\/div>","protected":false},"author":6,"featured_media":76570,"comment_status":"closed","ping_status":"closed","sticky":false,"template":"","format":"image","meta":{"_jetpack_memberships_contains_paid_content":false,"footnotes":"","jetpack_publicize_message":"","jetpack_publicize_feature_enabled":true,"jetpack_social_post_already_shared":true,"jetpack_social_options":{"image_generator_settings":{"template":"highway","enabled":false},"version":2}},"categories":[4],"tags":[],"class_list":{"0":"post-76569","1":"post","2":"type-post","3":"status-publish","4":"format-image","5":"has-post-thumbnail","7":"category-actualidad","8":"post_format-post-format-image"},"jetpack_publicize_connections":[],"jetpack_sharing_enabled":true,"jetpack_featured_media_url":"https:\/\/i0.wp.com\/www.masrojo.com.ar\/home\/wp-content\/uploads\/Sin-titulo-44.png?fit=970%2C660&ssl=1","jetpack_shortlink":"https:\/\/wp.me\/p90W9F-jUZ","_links":{"self":[{"href":"https:\/\/www.masrojo.com.ar\/home\/wp-json\/wp\/v2\/posts\/76569"}],"collection":[{"href":"https:\/\/www.masrojo.com.ar\/home\/wp-json\/wp\/v2\/posts"}],"about":[{"href":"https:\/\/www.masrojo.com.ar\/home\/wp-json\/wp\/v2\/types\/post"}],"author":[{"embeddable":true,"href":"https:\/\/www.masrojo.com.ar\/home\/wp-json\/wp\/v2\/users\/6"}],"replies":[{"embeddable":true,"href":"https:\/\/www.masrojo.com.ar\/home\/wp-json\/wp\/v2\/comments?post=76569"}],"version-history":[{"count":1,"href":"https:\/\/www.masrojo.com.ar\/home\/wp-json\/wp\/v2\/posts\/76569\/revisions"}],"predecessor-version":[{"id":76571,"href":"https:\/\/www.masrojo.com.ar\/home\/wp-json\/wp\/v2\/posts\/76569\/revisions\/76571"}],"wp:featuredmedia":[{"embeddable":true,"href":"https:\/\/www.masrojo.com.ar\/home\/wp-json\/wp\/v2\/media\/76570"}],"wp:attachment":[{"href":"https:\/\/www.masrojo.com.ar\/home\/wp-json\/wp\/v2\/media?parent=76569"}],"wp:term":[{"taxonomy":"category","embeddable":true,"href":"https:\/\/www.masrojo.com.ar\/home\/wp-json\/wp\/v2\/categories?post=76569"},{"taxonomy":"post_tag","embeddable":true,"href":"https:\/\/www.masrojo.com.ar\/home\/wp-json\/wp\/v2\/tags?post=76569"}],"curies":[{"name":"wp","href":"https:\/\/api.w.org\/{rel}","templated":true}]}}