{"id":76591,"date":"2026-09-03T10:40:45","date_gmt":"2026-09-03T13:40:45","guid":{"rendered":"https:\/\/www.masrojo.com.ar\/home\/?p=76591"},"modified":"2026-09-03T10:40:55","modified_gmt":"2026-09-03T13:40:55","slug":"cerro-el-mercado-de-pases-altas-y-bajas","status":"publish","type":"post","link":"https:\/\/www.masrojo.com.ar\/home\/2026\/09\/03\/cerro-el-mercado-de-pases-altas-y-bajas\/","title":{"rendered":"CERR\u00d3 EL MERCADO DE PASES: ALTAS Y BAJAS"},"content":{"rendered":"<p>Cerr\u00f3 el mercado de pases y \u00e9stas son las altaa y bajas en el Rojo<\/p>\n<p>MERCADO | Jun\/Jul\/Ago 26<\/p>\n<p>&#x1f53a; ALTAS:<br \/>\n&#x25b6;&#xfe0f; Tata Mart\u00ednez (regreso)<br \/>\n&#x25b6;&#xfe0f; Meza (libre)<br \/>\n&#x25b6;&#xfe0f; Abaldo (3 M USD)<br \/>\n&#x25b6;&#xfe0f; Mele<br \/>\n&#x25b6;&#xfe0f; Machuca (por objetivos)<br \/>\n&#x25b6;&#xfe0f; Calderon (120 mil USD)<br \/>\n&#x25b6;&#xfe0f; \u00c1vila<\/p>\n<p>Total: 3.120.000 USD<\/p>\n<p>&#x1f53b; BAJAS:<br \/>\n&#x25b6;&#xfe0f; Freire<br \/>\n&#x25b6;&#xfe0f; Valenzuela<br \/>\n&#x25b6;&#xfe0f; Mancuello<br \/>\n&#x25b6;&#xfe0f; Malcorra<br \/>\n&#x25b6;&#xfe0f; Lavagnino<br \/>\n&#x25b6;&#xfe0f; Pussetto (100.000)<br \/>\n&#x25b6;&#xfe0f; F. Cedres<br \/>\n&#x25b6;&#xfe0f; Morro<br \/>\n&#x25b6;&#xfe0f; L. Roman<br \/>\n&#x25b6;&#xfe0f; Barros Ayala<br \/>\n&#x25b6;&#xfe0f; \u00c1valos (950 mil USD)<br \/>\n&#x25b6;&#xfe0f; Guti\u00e9rrez (3.5 M USD neto)<br \/>\n&#x25b6;&#xfe0f; Lomonaco (5 M USD neto).<\/p>\n<p>Total: 9.550.000 USD.<\/p>\n<p>% Adquiridos<br \/>\n&#x25b6;&#xfe0f; Fedorco 15%<br \/>\n&#x1f4b5; 100 mil USD<\/p>\n<p>&#x1f4ca; Saldo: &#x2795; 6.330.000 USD &#x1f4b5;.<\/p>\n<p>&#x1f504; Cambi\u00f3 de equipo de cesi\u00f3n:<br \/>\n&#x25b6;&#xfe0f; Quiroga<\/p>\n<p>&#x1f4c4; Primeros Contratos:<br \/>\n&#x25b6;&#xfe0f; Facu Cruz<br \/>\n&#x25b6;&#xfe0f; Palais<\/p>\n<p>&#x23e9;&#xfe0f; Renovaciones<br \/>\nMarcone (hasta 27) &#8211; a\u00fan no firm\u00f3-.<\/p>\n<p>&#x1f4cb; Total contratos:<br \/>\n&#x25b6;&#xfe0f; 68<\/p>\n<p>&#x1f500; Total pr\u00e9stamos en Argentina:<br \/>\n&#x25b6;&#xfe0f; 18<\/p>\n<p>&#x1f30e; Pr\u00e9stamos al exterior (7\/6 cupos).<br \/>\n&#x25b6;&#xfe0f; M. Puch<br \/>\n&#x25b6;&#xfe0f; Chaco Mart\u00ednez<br \/>\n&#x25b6;&#xfe0f; Qui\u00f1onez<br \/>\n&#x25b6;&#xfe0f; Segovia<br \/>\n&#x25b6;&#xfe0f; B. Ayala<br \/>\n&#x25b6;&#xfe0f; F. Valdez<br \/>\n&#x25b6;&#xfe0f; M. Diaz (excepci\u00f3n FIFA).<\/p>\n","protected":false},"excerpt":{"rendered":"<div class=\"mh-excerpt\"><p>Cerr\u00f3 el mercado de pases y \u00e9stas son las altaa y bajas en el Rojo MERCADO | Jun\/Jul\/Ago 26 &#x1f53a; ALTAS: &#x25b6;&#xfe0f; Tata Mart\u00ednez (regreso) &#x25b6;&#xfe0f; Meza (libre) &#x25b6;&#xfe0f; Abaldo (3 M USD) &#x25b6;&#xfe0f; Mele <a class=\"mh-excerpt-more\" href=\"https:\/\/www.masrojo.com.ar\/home\/2026\/09\/03\/cerro-el-mercado-de-pases-altas-y-bajas\/\" title=\"CERR\u00d3 EL MERCADO DE PASES: ALTAS Y BAJAS\">[&#8230;]<\/a><\/p>\n<\/div>","protected":false},"author":6,"featured_media":14473,"comment_status":"closed","ping_status":"closed","sticky":false,"template":"","format":"image","meta":{"_jetpack_memberships_contains_paid_content":false,"footnotes":"","jetpack_publicize_message":"","jetpack_publicize_feature_enabled":true,"jetpack_social_post_already_shared":true,"jetpack_social_options":{"image_generator_settings":{"template":"highway","enabled":false},"version":2}},"categories":[4],"tags":[],"class_list":{"0":"post-76591","1":"post","2":"type-post","3":"status-publish","4":"format-image","5":"has-post-thumbnail","7":"category-actualidad","8":"post_format-post-format-image"},"jetpack_publicize_connections":[],"jetpack_sharing_enabled":true,"jetpack_featured_media_url":"https:\/\/i0.wp.com\/www.masrojo.com.ar\/home\/wp-content\/uploads\/mercadodepases.jpg?fit=690%2C382&ssl=1","jetpack_shortlink":"https:\/\/wp.me\/p90W9F-jVl","_links":{"self":[{"href":"https:\/\/www.masrojo.com.ar\/home\/wp-json\/wp\/v2\/posts\/76591"}],"collection":[{"href":"https:\/\/www.masrojo.com.ar\/home\/wp-json\/wp\/v2\/posts"}],"about":[{"href":"https:\/\/www.masrojo.com.ar\/home\/wp-json\/wp\/v2\/types\/post"}],"author":[{"embeddable":true,"href":"https:\/\/www.masrojo.com.ar\/home\/wp-json\/wp\/v2\/users\/6"}],"replies":[{"embeddable":true,"href":"https:\/\/www.masrojo.com.ar\/home\/wp-json\/wp\/v2\/comments?post=76591"}],"version-history":[{"count":1,"href":"https:\/\/www.masrojo.com.ar\/home\/wp-json\/wp\/v2\/posts\/76591\/revisions"}],"predecessor-version":[{"id":76592,"href":"https:\/\/www.masrojo.com.ar\/home\/wp-json\/wp\/v2\/posts\/76591\/revisions\/76592"}],"wp:featuredmedia":[{"embeddable":true,"href":"https:\/\/www.masrojo.com.ar\/home\/wp-json\/wp\/v2\/media\/14473"}],"wp:attachment":[{"href":"https:\/\/www.masrojo.com.ar\/home\/wp-json\/wp\/v2\/media?parent=76591"}],"wp:term":[{"taxonomy":"category","embeddable":true,"href":"https:\/\/www.masrojo.com.ar\/home\/wp-json\/wp\/v2\/categories?post=76591"},{"taxonomy":"post_tag","embeddable":true,"href":"https:\/\/www.masrojo.com.ar\/home\/wp-json\/wp\/v2\/tags?post=76591"}],"curies":[{"name":"wp","href":"https:\/\/api.w.org\/{rel}","templated":true}]}}