{"id":76593,"date":"2026-09-03T10:44:42","date_gmt":"2026-09-03T13:44:42","guid":{"rendered":"https:\/\/www.masrojo.com.ar\/home\/?p=76593"},"modified":"2026-09-03T10:44:42","modified_gmt":"2026-09-03T13:44:42","slug":"empato-la-reserva-7","status":"publish","type":"post","link":"https:\/\/www.masrojo.com.ar\/home\/2026\/09\/03\/empato-la-reserva-7\/","title":{"rendered":"EMPAT\u00d3 LA RESERVA"},"content":{"rendered":"<p>La Reserva de Independiente empat\u00f3 1-1 ante Platense en el Predio de Villa Dom\u00ednico, por la fecha 7 del Torneo Proyecci\u00f3n Clausura 2026.<\/p>\n<p>El once inicial de Carlos Matheu fue: Matias Molina; Joshua Velardez, Fernando Closter, Gonzalo Bord\u00f3n, Ramiro Martino; Joel Medina, Facundo Cruz, Tom\u00e1s Parmo; Matheo Ben\u00edtez Machuca, Mathias De Las Carreras; Nahuel Junco. Adem\u00e1s, sumaron minutos: Sim\u00f3n Bodnar, Jos\u00e9 Buralli, Bautista Gonz\u00e1lez, Santino Viollaz.<\/p>\n<p>Con este resultado, Independiente alcanz\u00f3 los 17 puntos, producto de 5 victorias y 2 empates. Adem\u00e1s, contin\u00faa invicto en el campeonato. En la pr\u00f3xima jornada buscar\u00e1 extender su buena racha en su visita a Atl\u00e9tico Rafaela.<\/p>\n","protected":false},"excerpt":{"rendered":"<div class=\"mh-excerpt\"><p>La Reserva de Independiente empat\u00f3 1-1 ante Platense en el Predio de Villa Dom\u00ednico, por la fecha 7 del Torneo Proyecci\u00f3n Clausura 2026. El once inicial de Carlos Matheu fue: Matias Molina; Joshua Velardez, Fernando <a class=\"mh-excerpt-more\" href=\"https:\/\/www.masrojo.com.ar\/home\/2026\/09\/03\/empato-la-reserva-7\/\" title=\"EMPAT\u00d3 LA RESERVA\">[&#8230;]<\/a><\/p>\n<\/div>","protected":false},"author":6,"featured_media":76357,"comment_status":"closed","ping_status":"closed","sticky":false,"template":"","format":"image","meta":{"_jetpack_memberships_contains_paid_content":false,"footnotes":"","jetpack_publicize_message":"","jetpack_publicize_feature_enabled":true,"jetpack_social_post_already_shared":true,"jetpack_social_options":{"image_generator_settings":{"template":"highway","enabled":false},"version":2}},"categories":[6],"tags":[],"class_list":{"0":"post-76593","1":"post","2":"type-post","3":"status-publish","4":"format-image","5":"has-post-thumbnail","7":"category-reserva","8":"post_format-post-format-image"},"jetpack_publicize_connections":[],"jetpack_sharing_enabled":true,"jetpack_featured_media_url":"https:\/\/i0.wp.com\/www.masrojo.com.ar\/home\/wp-content\/uploads\/Reserva-vs-Quilmes-dimensiones.png?fit=888%2C600&ssl=1","jetpack_shortlink":"https:\/\/wp.me\/p90W9F-jVn","_links":{"self":[{"href":"https:\/\/www.masrojo.com.ar\/home\/wp-json\/wp\/v2\/posts\/76593"}],"collection":[{"href":"https:\/\/www.masrojo.com.ar\/home\/wp-json\/wp\/v2\/posts"}],"about":[{"href":"https:\/\/www.masrojo.com.ar\/home\/wp-json\/wp\/v2\/types\/post"}],"author":[{"embeddable":true,"href":"https:\/\/www.masrojo.com.ar\/home\/wp-json\/wp\/v2\/users\/6"}],"replies":[{"embeddable":true,"href":"https:\/\/www.masrojo.com.ar\/home\/wp-json\/wp\/v2\/comments?post=76593"}],"version-history":[{"count":1,"href":"https:\/\/www.masrojo.com.ar\/home\/wp-json\/wp\/v2\/posts\/76593\/revisions"}],"predecessor-version":[{"id":76594,"href":"https:\/\/www.masrojo.com.ar\/home\/wp-json\/wp\/v2\/posts\/76593\/revisions\/76594"}],"wp:featuredmedia":[{"embeddable":true,"href":"https:\/\/www.masrojo.com.ar\/home\/wp-json\/wp\/v2\/media\/76357"}],"wp:attachment":[{"href":"https:\/\/www.masrojo.com.ar\/home\/wp-json\/wp\/v2\/media?parent=76593"}],"wp:term":[{"taxonomy":"category","embeddable":true,"href":"https:\/\/www.masrojo.com.ar\/home\/wp-json\/wp\/v2\/categories?post=76593"},{"taxonomy":"post_tag","embeddable":true,"href":"https:\/\/www.masrojo.com.ar\/home\/wp-json\/wp\/v2\/tags?post=76593"}],"curies":[{"name":"wp","href":"https:\/\/api.w.org\/{rel}","templated":true}]}}