{"id":8097,"date":"2018-02-19T23:03:00","date_gmt":"2018-02-20T02:03:00","guid":{"rendered":"https:\/\/www.masrojo.com.ar\/home\/?p=8097"},"modified":"2018-02-19T23:03:00","modified_gmt":"2018-02-20T02:03:00","slug":"carlos-goyen-independiente-es-un-equipo-que-me-entusiasma-mucho","status":"publish","type":"post","link":"https:\/\/www.masrojo.com.ar\/home\/2018\/02\/19\/carlos-goyen-independiente-es-un-equipo-que-me-entusiasma-mucho\/","title":{"rendered":"Carlos Goy\u00e9n: \u00abIndependiente es un equipo que me entusiasma mucho\u00bb"},"content":{"rendered":"<p style=\"text-align: justify;\"><strong>El ex arquero del \u00abrojo\u00bb dialog\u00f3 en exclusiva con M\u00e1s Rojo radio. Opin\u00f3 sobre el presente del club, su predicci\u00f3n de cara al choque decisivo con Gremio y se refiri\u00f3 a Mart\u00edn Campa\u00f1a:\u00a0. Campa\u00f1a\u00a0 ha demostrado ser un arquero muy serio y seguro ajo los palos\u00bb.<\/strong><\/p>\n<p style=\"text-align: justify;\">El uruguayo de 52 a\u00f1os comenz\u00f3 la entrevista hablando sobre el equipo y solo tuvo palabras positivas: <strong>\u00abIndependiente es un equipo que me entusiasma. Tiene un f\u00fatbol tan lindo que, hasta por momentos, parece europeo. Me gusta much\u00edsimo el estilo que le dio el t\u00e9cnico. La m\u00edstica tan linda que le devolvi\u00f3 el saludo. Hoy por hoy, con el plantel que tiene, es el equipo que mejor juega.\u00bb<\/strong><\/p>\n<p style=\"text-align: justify;\">Por otro lado, Goy\u00e9n se refiri\u00f3 a como encar\u00f3 el plantel la final de la Copa Sudamericana: <strong>\u00abCuando se enfrent\u00f3 con Flamengo uno se imaginaba que jugar de igual a igual iba a perjudicarlo pero le sali\u00f3 bien y, en muchas partes del partido, fue local en el Maracan\u00e1\u00bb.<\/strong>\u00a0Adem\u00e1s, asegur\u00f3 que<strong> \u00abel mi\u00e9rcoles, se va a exponer a alg\u00fan contragolpe de Gremio pero ellos tienen un equipo con mucha pausa. No es un conjunto tan vertiginoso pero, no por nada, son los \u00faltimos campeones de la Libertadores\u00bb<\/strong><\/p>\n<p><strong>\u00abCon Independiente no pasa eso. Los que van a\u00a0 querer que pasen los primeros minutos ser\u00e1n los de Gremio porque el rojo es un equipo que ataca mucho\u00bb<\/strong> agreg\u00f3 el charr\u00faa al ser consultado sobre el nerviosismo del comienzo en un encuentro tan decisivo.\u00a0 <strong>Me gusta mucho la defensa y el medio campo encuentra equilibrio cuando juega Domingo. El grupo est\u00e1 tranquilo y eso es muy bueno. Mejor que no hay gol de visitante porque eso hace un partido de 180 minutos que, hasta el momento, est\u00e1 empatado\u00bb\u00a0<\/strong>a\u00f1adi\u00f3.<\/p>\n<p style=\"text-align: justify;\">Actualmente, un compatriota de Goy\u00e9n es el arquero titular de Independiente, como en muchas \u00e9pocas del club y, sobre esto, Goyen dijo:<strong> Siempre hubo tradici\u00f3n charr\u00faa ac\u00e1 y tambi\u00e9n en finales o en muchos a\u00f1os como Fossati, Eduardo Pereira y tantos otros\u00bb.<\/strong> <strong>Campa\u00f1a\u00a0 ha demostrado ser un arquero muy serio y seguro bajo los palos. En la copa sudamericana ha sido muy importante y le queda bien el arco del club\u00bb\u00a0<\/strong>agreg\u00f3.\u00a0\u00a0Adem\u00e1s, el uruguayo afirm\u00f3 que<strong>\u00a0\u00abest\u00e1 Albil que siempre da una mano cuando el club lo necesita y Gonzalo Rehak que es una promesa y puede darle mucho a la instituci\u00f3n\u00bb<\/strong><\/p>\n<p>&nbsp;<\/p>\n<p style=\"text-align: justify;\">\n","protected":false},"excerpt":{"rendered":"<div class=\"mh-excerpt\"><p>El ex arquero del \u00abrojo\u00bb dialog\u00f3 en exclusiva con M\u00e1s Rojo radio. Opin\u00f3 sobre el presente del club, su predicci\u00f3n de cara al choque decisivo con Gremio y se refiri\u00f3 a Mart\u00edn Campa\u00f1a:\u00a0. Campa\u00f1a\u00a0 ha <a class=\"mh-excerpt-more\" href=\"https:\/\/www.masrojo.com.ar\/home\/2018\/02\/19\/carlos-goyen-independiente-es-un-equipo-que-me-entusiasma-mucho\/\" title=\"Carlos Goy\u00e9n: \u00abIndependiente es un equipo que me entusiasma mucho\u00bb\">[&#8230;]<\/a><\/p>\n<\/div>","protected":false},"author":2,"featured_media":8098,"comment_status":"open","ping_status":"closed","sticky":false,"template":"","format":"standard","meta":{"_jetpack_memberships_contains_paid_content":false,"footnotes":"","jetpack_publicize_message":"","jetpack_publicize_feature_enabled":true,"jetpack_social_post_already_shared":true,"jetpack_social_options":{"image_generator_settings":{"template":"highway","enabled":false},"version":2}},"categories":[4,9],"tags":[131,108,145,278,259,23,17,184,79],"class_list":{"0":"post-8097","1":"post","2":"type-post","3":"status-publish","4":"format-standard","5":"has-post-thumbnail","7":"category-actualidad","8":"category-masrojoradio","9":"tag-albil","10":"tag-campana","11":"tag-flamengo","12":"tag-goyen","13":"tag-gremio","14":"tag-holan","15":"tag-independiente","16":"tag-recopa","17":"tag-rehak"},"jetpack_publicize_connections":[],"jetpack_sharing_enabled":true,"jetpack_featured_media_url":"https:\/\/i0.wp.com\/www.masrojo.com.ar\/home\/wp-content\/uploads\/Goyen.jpg?fit=635%2C426&ssl=1","jetpack_shortlink":"https:\/\/wp.me\/p90W9F-26B","_links":{"self":[{"href":"https:\/\/www.masrojo.com.ar\/home\/wp-json\/wp\/v2\/posts\/8097"}],"collection":[{"href":"https:\/\/www.masrojo.com.ar\/home\/wp-json\/wp\/v2\/posts"}],"about":[{"href":"https:\/\/www.masrojo.com.ar\/home\/wp-json\/wp\/v2\/types\/post"}],"author":[{"embeddable":true,"href":"https:\/\/www.masrojo.com.ar\/home\/wp-json\/wp\/v2\/users\/2"}],"replies":[{"embeddable":true,"href":"https:\/\/www.masrojo.com.ar\/home\/wp-json\/wp\/v2\/comments?post=8097"}],"version-history":[{"count":0,"href":"https:\/\/www.masrojo.com.ar\/home\/wp-json\/wp\/v2\/posts\/8097\/revisions"}],"wp:featuredmedia":[{"embeddable":true,"href":"https:\/\/www.masrojo.com.ar\/home\/wp-json\/wp\/v2\/media\/8098"}],"wp:attachment":[{"href":"https:\/\/www.masrojo.com.ar\/home\/wp-json\/wp\/v2\/media?parent=8097"}],"wp:term":[{"taxonomy":"category","embeddable":true,"href":"https:\/\/www.masrojo.com.ar\/home\/wp-json\/wp\/v2\/categories?post=8097"},{"taxonomy":"post_tag","embeddable":true,"href":"https:\/\/www.masrojo.com.ar\/home\/wp-json\/wp\/v2\/tags?post=8097"}],"curies":[{"name":"wp","href":"https:\/\/api.w.org\/{rel}","templated":true}]}}