{"id":8389,"date":"2018-02-25T21:47:44","date_gmt":"2018-02-26T00:47:44","guid":{"rendered":"https:\/\/www.masrojo.com.ar\/home\/?p=8389"},"modified":"2018-02-25T22:48:35","modified_gmt":"2018-02-26T01:48:35","slug":"estos-futbolistas-representan-lo-que-quiero-para-independiente","status":"publish","type":"post","link":"https:\/\/www.masrojo.com.ar\/home\/2018\/02\/25\/estos-futbolistas-representan-lo-que-quiero-para-independiente\/","title":{"rendered":"\u00abEstos futbolistas representan lo que quiero para Independiente\u00bb"},"content":{"rendered":"<p style=\"text-align: justify;\"><strong>Ariel Holan habl\u00f3 luego de la victoria ante Banfield y destac\u00f3 el rendimiento del equipo, opin\u00f3 sobre Mart\u00edn Ben\u00edtez y adelant\u00f3 sus planes para la pr\u00f3xima fecha. \u00abCon San Mart\u00edn tambi\u00e9n rotaremos para no poner en riesgo el f\u00edsico de los jugadores\u00bb<\/strong><\/p>\n<p style=\"text-align: justify;\">El DT del \u00abrojo\u00bb comenz\u00f3 hablando de su opini\u00f3n sobre el plantel y el reconocimiento de la gente sobre ellos:\u00a0<strong>\u00abNo me voy a cansar de repetir que estos futbolistas representan lo que quiero para Independiente. Pese a tener aciertos o desaciertos, transpiran hasta la \u00faltima gota y tienen la entereza para dar vuelta la p\u00e1gina y enfocarse en lo que se viene\u00bb<\/strong><\/p>\n<p style=\"text-align: justify;\">Sobre el p\u00fablico, el \u00abprofesor\u00bb indic\u00f3 que\u00a0<strong>\u00abcomo DT, el mismo orgullo que me generan los jugadores me lo hace sentir nuestra gente. Que todo el club se haya identificado con ellos, reconociendo el esfuerzo, es muy importante\u00bb<\/strong><\/p>\n<p style=\"text-align: justify;\">Ben\u00edtez atrajo los focos de atenci\u00f3n en esta semana por la mala fortuna que le toc\u00f3 vivir en la final pero hoy convirti\u00f3 y se llev\u00f3 la ovaci\u00f3n del equipo. Sobre este tema, Holan dijo:\u00a0<strong>\u00abBen\u00edtez tuvo una valent\u00eda enorme en decirme que quer\u00eda patear el \u00faltimo penal. Adem\u00e1s, siempre est\u00e1 dispuesto a jugar y es una felicidad enorme que est\u00e9 atravesando este momento. Tiene un reconocimiento m\u00e1s que merecido\u00bb <\/strong><\/p>\n<p style=\"text-align: justify;\">Hubo ausencias importantes en el encuentro de hoy y Holan se encarg\u00f3 de explicarlas:\u00a0<strong>\u00abMeza tiene una paral\u00edtica del partido y no estaba del todo seguro. Bustos viene de una cadena de partidos y preferimos que descanse hoy. Men\u00e9ndez viene con un golpe en el tobillo por lo que tambi\u00e9n decidimos resguardarlo\u00bb<\/strong><\/p>\n<p>Ya de lleno en el partido de esta tarde, el t\u00e9cnico indic\u00f3 que\u00a0<strong>\u00abme voy satisfecho porque tuvimos el encuentro bajo control en la mayor\u00eda de los minutos y Banfield, salvo dos ocasiones, no nos inquiet\u00f3. Era importante ganar.\u00bb<\/strong><\/p>\n<p style=\"text-align: justify;\">Por \u00faltimo, Holan se refiri\u00f3 a la Copa Libertadores y los viajes que tiene Independiente:\u00a0<strong>\u00abLos viajes pueden complicar las cosas. Tenemos que ir a varias provincias y ahora nos toca ir a Venezuela que son 10 horas de ida y de vuelta. Seguramente iremos rotando y lo haremos contra San Mart\u00edn para no poner en riesgo el f\u00edsico de los jugadores\u00bb<\/strong><\/p>\n<p>&nbsp;<\/p>\n<blockquote class=\"twitter-video\" data-lang=\"es\">\n<p dir=\"ltr\" lang=\"es\"><a href=\"https:\/\/twitter.com\/hashtag\/FOXGol?src=hash&amp;ref_src=twsrc%5Etfw\">#FOXGol<\/a> | Ariel Holan, luego del triunfo de Independiente sobre Banfield: \u00abSiento orgullo por el plantel y por nuestra hinchada. El recibimiento adentro y afuera de la cancha fue impresionante\u00bb <a href=\"https:\/\/t.co\/G66gHH87hO\">pic.twitter.com\/G66gHH87hO<\/a><\/p>\n<p>\u2014 FOX Sports Argentina (@FOXSportsArg) <a href=\"https:\/\/twitter.com\/FOXSportsArg\/status\/967886873329786881?ref_src=twsrc%5Etfw\">25 de febrero de 2018<\/a><\/p><\/blockquote>\n<p><script async src=\"https:\/\/platform.twitter.com\/widgets.js\" charset=\"utf-8\"><\/script><\/p>\n","protected":false},"excerpt":{"rendered":"<div class=\"mh-excerpt\"><p>Ariel Holan habl\u00f3 luego de la victoria ante Banfield y destac\u00f3 el rendimiento del equipo, opin\u00f3 sobre Mart\u00edn Ben\u00edtez y adelant\u00f3 sus planes para la pr\u00f3xima fecha. \u00abCon San Mart\u00edn tambi\u00e9n rotaremos para no poner <a class=\"mh-excerpt-more\" href=\"https:\/\/www.masrojo.com.ar\/home\/2018\/02\/25\/estos-futbolistas-representan-lo-que-quiero-para-independiente\/\" title=\"\u00abEstos futbolistas representan lo que quiero para Independiente\u00bb\">[&#8230;]<\/a><\/p>\n<\/div>","protected":false},"author":2,"featured_media":0,"comment_status":"open","ping_status":"closed","sticky":false,"template":"","format":"video","meta":{"_jetpack_memberships_contains_paid_content":false,"footnotes":"","jetpack_publicize_message":"","jetpack_publicize_feature_enabled":true,"jetpack_social_post_already_shared":true,"jetpack_social_options":{"image_generator_settings":{"template":"highway","enabled":false},"version":2}},"categories":[4],"tags":[282,33,23,17,179,249,35],"class_list":{"0":"post-8389","1":"post","2":"type-post","3":"status-publish","4":"format-video","6":"category-actualidad","7":"tag-banfield","8":"tag-benitez","9":"tag-holan","10":"tag-independiente","11":"tag-libertadores","12":"tag-menendez","13":"tag-meza","14":"post_format-post-format-video"},"jetpack_publicize_connections":[],"jetpack_sharing_enabled":true,"jetpack_featured_media_url":"","jetpack_shortlink":"https:\/\/wp.me\/p90W9F-2bj","_links":{"self":[{"href":"https:\/\/www.masrojo.com.ar\/home\/wp-json\/wp\/v2\/posts\/8389"}],"collection":[{"href":"https:\/\/www.masrojo.com.ar\/home\/wp-json\/wp\/v2\/posts"}],"about":[{"href":"https:\/\/www.masrojo.com.ar\/home\/wp-json\/wp\/v2\/types\/post"}],"author":[{"embeddable":true,"href":"https:\/\/www.masrojo.com.ar\/home\/wp-json\/wp\/v2\/users\/2"}],"replies":[{"embeddable":true,"href":"https:\/\/www.masrojo.com.ar\/home\/wp-json\/wp\/v2\/comments?post=8389"}],"version-history":[{"count":0,"href":"https:\/\/www.masrojo.com.ar\/home\/wp-json\/wp\/v2\/posts\/8389\/revisions"}],"wp:attachment":[{"href":"https:\/\/www.masrojo.com.ar\/home\/wp-json\/wp\/v2\/media?parent=8389"}],"wp:term":[{"taxonomy":"category","embeddable":true,"href":"https:\/\/www.masrojo.com.ar\/home\/wp-json\/wp\/v2\/categories?post=8389"},{"taxonomy":"post_tag","embeddable":true,"href":"https:\/\/www.masrojo.com.ar\/home\/wp-json\/wp\/v2\/tags?post=8389"}],"curies":[{"name":"wp","href":"https:\/\/api.w.org\/{rel}","templated":true}]}}