{"id":8699,"date":"2018-03-01T22:25:22","date_gmt":"2018-03-02T01:25:22","guid":{"rendered":"https:\/\/www.masrojo.com.ar\/home\/?p=8699"},"modified":"2018-03-02T09:32:17","modified_gmt":"2018-03-02T12:32:17","slug":"domingo-fue-nuestro-peor-partido-del-ano","status":"publish","type":"post","link":"https:\/\/www.masrojo.com.ar\/home\/2018\/03\/01\/domingo-fue-nuestro-peor-partido-del-ano\/","title":{"rendered":"Domingo: \u00abFue nuestro peor partido del a\u00f1o\u00bb"},"content":{"rendered":"<p style=\"text-align: justify;\"><strong>Independiente comenz\u00f3 con el pie izquierdo<\/strong> su vuelta a la Libertadores. Fue <strong>Nicol\u00e1s Domingo<\/strong> quien comparti\u00f3 sus primeras sensaciones tras el partido.<\/p>\n<p style=\"text-align: justify;\"><em><b>\u00abEs nuestro peor partido en lo que va del a\u00f1o\u00bb<\/b><\/em>, comenz\u00f3 el ex Pe\u00f1arol.<\/p>\n<p style=\"text-align: justify;\">Y continu\u00f3: <em>\u00ab<strong>Es un golpe duro,<\/strong> ten\u00edamos mucha ilusi\u00f3n de arrancar de otra manera la Copa<strong>. Es bueno tenerlo al principio.<\/strong> Tenemos que revertir y lograr el objetivo de ac\u00e1 a Mayo\u00bb.<\/em><\/p>\n<p style=\"text-align: justify;\">El volante central se refiri\u00f3 al p\u00e9simo estado del campo de juego de la cancha: <em>\u00abSab\u00edamos la dificultad de la cancha, <strong>estaba mala para los dos equipos,<\/strong> picaba para cualquier lado\u00bb.<\/em><\/p>\n<p style=\"text-align: justify;\">Pese a esto, no tard\u00f3 en hacer meaculpa:<em> \u00abNosotros<strong> no jugamos bien<\/strong>, hay que seguir trabajando y <\/em>lograr el objetivo\u00bb.<\/p>\n<p style=\"text-align: justify;\">En referencia tambi\u00e9n con los otros dos partidos de visitante que le quedan (Brasil y Colombia), Domingo se sincer\u00f3: <strong><em>\u00abSupuestamente el m\u00e1s accesible era el de hoy y lo perdimos. Hay que trabajar y seguir\u00bb,<\/em> <\/strong>finaliz\u00f3 el ex River.<\/p>\n","protected":false},"excerpt":{"rendered":"<div class=\"mh-excerpt\"><p>Independiente comenz\u00f3 con el pie izquierdo su vuelta a la Libertadores. Fue Nicol\u00e1s Domingo quien comparti\u00f3 sus primeras sensaciones tras el partido. \u00abEs nuestro peor partido en lo que va del a\u00f1o\u00bb, comenz\u00f3 el ex <a class=\"mh-excerpt-more\" href=\"https:\/\/www.masrojo.com.ar\/home\/2018\/03\/01\/domingo-fue-nuestro-peor-partido-del-ano\/\" title=\"Domingo: \u00abFue nuestro peor partido del a\u00f1o\u00bb\">[&#8230;]<\/a><\/p>\n<\/div>","protected":false},"author":4,"featured_media":0,"comment_status":"closed","ping_status":"closed","sticky":false,"template":"","format":"image","meta":{"_jetpack_memberships_contains_paid_content":false,"footnotes":"","jetpack_publicize_message":"#Independiente | Domingo: \"Fue nuestro peor partido del a\u00f1o\"","jetpack_publicize_feature_enabled":true,"jetpack_social_post_already_shared":true,"jetpack_social_options":{"image_generator_settings":{"template":"highway","enabled":false},"version":2}},"categories":[4],"tags":[163,141,183,45,17],"class_list":{"0":"post-8699","1":"post","2":"type-post","3":"status-publish","4":"format-image","6":"category-actualidad","7":"tag-copa-libertadores","8":"tag-declaraciones","9":"tag-deportivo-lara","10":"tag-domingo","11":"tag-independiente","12":"post_format-post-format-image"},"jetpack_publicize_connections":[],"jetpack_sharing_enabled":true,"jetpack_featured_media_url":"","jetpack_shortlink":"https:\/\/wp.me\/p90W9F-2gj","_links":{"self":[{"href":"https:\/\/www.masrojo.com.ar\/home\/wp-json\/wp\/v2\/posts\/8699"}],"collection":[{"href":"https:\/\/www.masrojo.com.ar\/home\/wp-json\/wp\/v2\/posts"}],"about":[{"href":"https:\/\/www.masrojo.com.ar\/home\/wp-json\/wp\/v2\/types\/post"}],"author":[{"embeddable":true,"href":"https:\/\/www.masrojo.com.ar\/home\/wp-json\/wp\/v2\/users\/4"}],"replies":[{"embeddable":true,"href":"https:\/\/www.masrojo.com.ar\/home\/wp-json\/wp\/v2\/comments?post=8699"}],"version-history":[{"count":0,"href":"https:\/\/www.masrojo.com.ar\/home\/wp-json\/wp\/v2\/posts\/8699\/revisions"}],"wp:attachment":[{"href":"https:\/\/www.masrojo.com.ar\/home\/wp-json\/wp\/v2\/media?parent=8699"}],"wp:term":[{"taxonomy":"category","embeddable":true,"href":"https:\/\/www.masrojo.com.ar\/home\/wp-json\/wp\/v2\/categories?post=8699"},{"taxonomy":"post_tag","embeddable":true,"href":"https:\/\/www.masrojo.com.ar\/home\/wp-json\/wp\/v2\/tags?post=8699"}],"curies":[{"name":"wp","href":"https:\/\/api.w.org\/{rel}","templated":true}]}}