{"id":8709,"date":"2018-03-01T23:05:51","date_gmt":"2018-03-02T02:05:51","guid":{"rendered":"https:\/\/www.masrojo.com.ar\/home\/?p=8709"},"modified":"2018-03-02T09:30:58","modified_gmt":"2018-03-02T12:30:58","slug":"holan-vamos-a-tener-que-ajustar-muchas-cosas-para-pasar-de-fase","status":"publish","type":"post","link":"https:\/\/www.masrojo.com.ar\/home\/2018\/03\/01\/holan-vamos-a-tener-que-ajustar-muchas-cosas-para-pasar-de-fase\/","title":{"rendered":"Holan: \u00abVamos a tener que ajustar muchas cosas para pasar de fase\u00bb"},"content":{"rendered":"<div class=\"row\">\n<div class=\"col gu12\">\n<header class=\"Main\">\n<h2 style=\"text-align: justify;\">El entrenador de Independiente se mostr\u00f3 disconforme con lo hecho en Venezuela. \u00abNos vamos dolidos por la derrota pero somos optimistas de cara a lo que viene\u00bb, expres\u00f3.<\/h2>\n<\/header>\n<\/div>\n<\/div>\n<div class=\"row\">\n<div class=\"col gu8\">\n<div class=\"PlayerMultimedia sinSolapa\">\n<div id=\"quicktabs-notas_tabs_multimedia\" class=\"quicktabs-wrapper quicktabs-style-nostyle\">\n<div class=\"item-list\">\n<p class=\"capital\" style=\"text-align: justify;\">Independiente cay\u00f3 en su debut en la Copa Libertadores y Ariel Holan no se fue contento con lo hecho por el equipo, seg\u00fan manifest\u00f3 en la conferencia de prensa posterior al encuentro.<\/p>\n<div id=\"eplAdDivInline_Video\" style=\"text-align: justify;\"><\/div>\n<p style=\"text-align: justify;\">\u00abVamos a tener que ajustar muchas cosas para pasar de fase. Nos vamos dolidos por la derrota pero somos optimistas de cara a lo que viene. No hicimos un buen partido\u201d, analiz\u00f3 el entrenador del Rojo ante los medios presentes.<\/p>\n<p style=\"text-align: justify;\">Adem\u00e1s, analiz\u00f3 el desarrollo del juego: \u00abHubo pasajes en el primer tiempo que se dieron de manera elaborada, pero lo que rescato de Lara es el entusiasmo que puso en el campo de juego, que lo llev\u00f3 a conseguir el gol de manera temprana y sostener el resultado\u201d.<\/p>\n<p style=\"text-align: justify;\">Sin embargo, el DT manifest\u00f3 que \u00abel equipo tiene la posibilidad de tener revancha\u00bb y confi\u00f3 en cambiar la imagen de cara a lo que resta de la fase de grupos.<\/p>\n<\/div>\n<!--[if lt IE 9]><script>document.createElement('audio');<\/script><![endif]-->\n<audio class=\"wp-audio-shortcode\" id=\"audio-8709-1\" preload=\"none\" style=\"width: 100%;\" controls=\"controls\"><source type=\"audio\/mpeg\" src=\"https:\/\/ar.ivoox.com\/es\/conferencia-holan-sanchez-mino_md_24170465_wp_1.mp3?_=1\" \/><a href=\"https:\/\/ar.ivoox.com\/es\/conferencia-holan-sanchez-mino_md_24170465_wp_1.mp3\">https:\/\/ar.ivoox.com\/es\/conferencia-holan-sanchez-mino_md_24170465_wp_1.mp3<\/a><\/audio>\n<p>&nbsp;<\/p>\n<\/div>\n<\/div>\n<\/div>\n<\/div>\n","protected":false},"excerpt":{"rendered":"<div class=\"mh-excerpt\"><p>El entrenador de Independiente se mostr\u00f3 disconforme con lo hecho en Venezuela. \u00abNos vamos dolidos por la derrota pero somos optimistas de cara a lo que viene\u00bb, expres\u00f3. Independiente cay\u00f3 en su debut en la <a class=\"mh-excerpt-more\" href=\"https:\/\/www.masrojo.com.ar\/home\/2018\/03\/01\/holan-vamos-a-tener-que-ajustar-muchas-cosas-para-pasar-de-fase\/\" title=\"Holan: \u00abVamos a tener que ajustar muchas cosas para pasar de fase\u00bb\">[&#8230;]<\/a><\/p>\n<\/div>","protected":false},"author":6,"featured_media":0,"comment_status":"closed","ping_status":"closed","sticky":false,"template":"","format":"image","meta":{"_jetpack_memberships_contains_paid_content":false,"footnotes":"","jetpack_publicize_message":"","jetpack_publicize_feature_enabled":true,"jetpack_social_post_already_shared":true,"jetpack_social_options":{"image_generator_settings":{"template":"highway","enabled":false},"version":2}},"categories":[4],"tags":[163,90],"class_list":{"0":"post-8709","1":"post","2":"type-post","3":"status-publish","4":"format-image","6":"category-actualidad","7":"tag-copa-libertadores","8":"tag-holan-independiente","9":"post_format-post-format-image"},"jetpack_publicize_connections":[],"jetpack_sharing_enabled":true,"jetpack_featured_media_url":"","jetpack_shortlink":"https:\/\/wp.me\/p90W9F-2gt","_links":{"self":[{"href":"https:\/\/www.masrojo.com.ar\/home\/wp-json\/wp\/v2\/posts\/8709"}],"collection":[{"href":"https:\/\/www.masrojo.com.ar\/home\/wp-json\/wp\/v2\/posts"}],"about":[{"href":"https:\/\/www.masrojo.com.ar\/home\/wp-json\/wp\/v2\/types\/post"}],"author":[{"embeddable":true,"href":"https:\/\/www.masrojo.com.ar\/home\/wp-json\/wp\/v2\/users\/6"}],"replies":[{"embeddable":true,"href":"https:\/\/www.masrojo.com.ar\/home\/wp-json\/wp\/v2\/comments?post=8709"}],"version-history":[{"count":0,"href":"https:\/\/www.masrojo.com.ar\/home\/wp-json\/wp\/v2\/posts\/8709\/revisions"}],"wp:attachment":[{"href":"https:\/\/www.masrojo.com.ar\/home\/wp-json\/wp\/v2\/media?parent=8709"}],"wp:term":[{"taxonomy":"category","embeddable":true,"href":"https:\/\/www.masrojo.com.ar\/home\/wp-json\/wp\/v2\/categories?post=8709"},{"taxonomy":"post_tag","embeddable":true,"href":"https:\/\/www.masrojo.com.ar\/home\/wp-json\/wp\/v2\/tags?post=8709"}],"curies":[{"name":"wp","href":"https:\/\/api.w.org\/{rel}","templated":true}]}}