{"id":8959,"date":"2018-03-06T09:03:17","date_gmt":"2018-03-06T12:03:17","guid":{"rendered":"https:\/\/www.masrojo.com.ar\/home\/?p=8959"},"modified":"2018-03-06T09:04:31","modified_gmt":"2018-03-06T12:04:31","slug":"bustos-se-va-al-futbol-aleman","status":"publish","type":"post","link":"https:\/\/www.masrojo.com.ar\/home\/2018\/03\/06\/bustos-se-va-al-futbol-aleman\/","title":{"rendered":"\u00bfBustos se va al f\u00fatbol alem\u00e1n?"},"content":{"rendered":"<p style=\"text-align: justify;\"><strong>Fabricio Bustos<\/strong>\u00a0apareci\u00f3 en la primera de Independiente hace menos de dos a\u00f1os y se afianz\u00f3 de tal forma que incluso lleg\u00f3 a la Selecci\u00f3n Argentina para las Eliminatorias para Rusia 2018.\u00a0<strong>Sus buenos rendimientos le valieron, adem\u00e1s, que un gigante del f\u00fatbol europeo como el Bayern M\u00fanich lo est\u00e9 siguiendo.<\/strong><\/p>\n<p style=\"text-align: justify;\"><strong>Seg\u00fan inform\u00f3 la revista Kicker, el Bayern lo tiene en carpeta para reemplazar a Rafinha<\/strong>, quien dejar\u00e1 la instituci\u00f3n alemana a mediados de a\u00f1o. En consecuencia, el club b\u00e1varo le puso el ojo al lateral del Rojo, que ante la posibilidad de que lo vengan a buscar lo blindar\u00e1 con una cl\u00e1usula de salida de 20 millones de d\u00f3lares.<\/p>\n<p style=\"text-align: justify;\">De todos modos, Bustos, que ya acumula 40 partidos en la primera de Independiente,\u00a0<strong>tiene un competidor entre las opciones que manejan los alemanes para suplantar a Rafinha: Diogo Dalot<\/strong>, un portugu\u00e9s de 18 a\u00f1os que se desempe\u00f1a en el Porto.<\/p>\n<p style=\"text-align: justify;\">Para refrendar sus buenos pergaminos,\u00a0<strong>Bustos aprovech\u00f3 el compromiso de Independiente en San Juan por la fecha 18 y meti\u00f3 uno de los goles de su equipo<\/strong>:<\/p>\n<blockquote class=\"twitter-video\" data-lang=\"es\">\n<p dir=\"ltr\" lang=\"es\"><a href=\"https:\/\/twitter.com\/hashtag\/TNTSports?src=hash&amp;ref_src=twsrc%5Etfw\">#TNTSports<\/a> | El gol de Fabricio Bustos, tras una gran habilitaci\u00f3n de Leandro Fern\u00e1ndez<a href=\"https:\/\/twitter.com\/hashtag\/SanMart%C3%ADnSJ?src=hash&amp;ref_src=twsrc%5Etfw\">#SanMart\u00ednSJ<\/a> &#x1f19a; <a href=\"https:\/\/twitter.com\/hashtag\/Independiente?src=hash&amp;ref_src=twsrc%5Etfw\">#Independiente<\/a> <a href=\"https:\/\/t.co\/EHGnaQJ1lZ\">pic.twitter.com\/EHGnaQJ1lZ<\/a><\/p>\n<p>\u2014 TNT Sports LA (@TNTSportsLA) <a href=\"https:\/\/twitter.com\/TNTSportsLA\/status\/970799778568261632?ref_src=twsrc%5Etfw\">5 de marzo de 2018<\/a><\/p><\/blockquote>\n<p><script async src=\"https:\/\/platform.twitter.com\/widgets.js\" charset=\"utf-8\"><\/script><\/p>\n","protected":false},"excerpt":{"rendered":"<div class=\"mh-excerpt\"><p>Fabricio Bustos\u00a0apareci\u00f3 en la primera de Independiente hace menos de dos a\u00f1os y se afianz\u00f3 de tal forma que incluso lleg\u00f3 a la Selecci\u00f3n Argentina para las Eliminatorias para Rusia 2018.\u00a0Sus buenos rendimientos le valieron, <a class=\"mh-excerpt-more\" href=\"https:\/\/www.masrojo.com.ar\/home\/2018\/03\/06\/bustos-se-va-al-futbol-aleman\/\" title=\"\u00bfBustos se va al f\u00fatbol alem\u00e1n?\">[&#8230;]<\/a><\/p>\n<\/div>","protected":false},"author":6,"featured_media":0,"comment_status":"closed","ping_status":"closed","sticky":false,"template":"","format":"video","meta":{"_jetpack_memberships_contains_paid_content":false,"footnotes":"","jetpack_publicize_message":"","jetpack_publicize_feature_enabled":true,"jetpack_social_post_already_shared":true,"jetpack_social_options":{"image_generator_settings":{"template":"highway","enabled":false},"version":2}},"categories":[4],"tags":[40,19],"class_list":{"0":"post-8959","1":"post","2":"type-post","3":"status-publish","4":"format-video","6":"category-actualidad","7":"tag-bustos","8":"tag-mercado-de-pases","9":"post_format-post-format-video"},"jetpack_publicize_connections":[],"jetpack_sharing_enabled":true,"jetpack_featured_media_url":"","jetpack_shortlink":"https:\/\/wp.me\/p90W9F-2kv","_links":{"self":[{"href":"https:\/\/www.masrojo.com.ar\/home\/wp-json\/wp\/v2\/posts\/8959"}],"collection":[{"href":"https:\/\/www.masrojo.com.ar\/home\/wp-json\/wp\/v2\/posts"}],"about":[{"href":"https:\/\/www.masrojo.com.ar\/home\/wp-json\/wp\/v2\/types\/post"}],"author":[{"embeddable":true,"href":"https:\/\/www.masrojo.com.ar\/home\/wp-json\/wp\/v2\/users\/6"}],"replies":[{"embeddable":true,"href":"https:\/\/www.masrojo.com.ar\/home\/wp-json\/wp\/v2\/comments?post=8959"}],"version-history":[{"count":0,"href":"https:\/\/www.masrojo.com.ar\/home\/wp-json\/wp\/v2\/posts\/8959\/revisions"}],"wp:attachment":[{"href":"https:\/\/www.masrojo.com.ar\/home\/wp-json\/wp\/v2\/media?parent=8959"}],"wp:term":[{"taxonomy":"category","embeddable":true,"href":"https:\/\/www.masrojo.com.ar\/home\/wp-json\/wp\/v2\/categories?post=8959"},{"taxonomy":"post_tag","embeddable":true,"href":"https:\/\/www.masrojo.com.ar\/home\/wp-json\/wp\/v2\/tags?post=8959"}],"curies":[{"name":"wp","href":"https:\/\/api.w.org\/{rel}","templated":true}]}}