{"id":9634,"date":"2018-03-17T12:40:41","date_gmt":"2018-03-17T15:40:41","guid":{"rendered":"https:\/\/www.masrojo.com.ar\/home\/?p=9634"},"modified":"2018-03-17T18:14:00","modified_gmt":"2018-03-17T21:14:00","slug":"adaptacion-tiempo-y-el-plan-de-holan","status":"publish","type":"post","link":"https:\/\/www.masrojo.com.ar\/home\/2018\/03\/17\/adaptacion-tiempo-y-el-plan-de-holan\/","title":{"rendered":"Adaptaci\u00f3n, tiempo y el plan de Holan"},"content":{"rendered":"<p style=\"text-align: justify;\">Desde que Independiente comenz\u00f3 las competencias este a\u00f1o, la inc\u00f3gnita mayor se centr\u00f3 en c\u00f3mo har\u00eda Ariel Holan para que el funcionamiento de su sistema no se viera afectado por las salidas de los nombres fuertes que se dieron durante el mercado de pases.<\/p>\n<p style=\"text-align: justify;\">En el curso de enero, febrero y marzo, con importantes instancias cumplidas, vimos a un Independiente que jug\u00f3 una final de Recopa con mucha hombr\u00eda y car\u00e1cter, aunque con pocos per\u00edodos de funcionamiento por partido.<\/p>\n<p style=\"text-align: justify;\">Pas\u00f3 tambi\u00e9n en lo que va de Superliga. Excepto ante San Mart\u00edn de San Juan, el equipo logra momentos cortos de gran vuelo futbol\u00edstico y muchas lagunas donde los rivales se encuentran con el protagonismo y la tenencia.<\/p>\n<p style=\"text-align: justify;\">Dentro del mismo plantel, por tiempo de trabajo, existe un grupo de jugadores que tiene muy incorporado el sistema de juego (sin mencionar lo f\u00edsico) que pueden tener m\u00e1s chances de formar el equipo titular que el otro grupo. El otro grupo, el de las incorporaciones y los lesionados, vive lo que el entrenador explic\u00f3 en varias conferencias: el periodo de adaptaci\u00f3n.<\/p>\n<p style=\"text-align: justify;\">Por tiempo, jugadores que se saben de alta competencia o t\u00e9cnicamente dotados, deben ponerse a punto f\u00edsicamente y a partir de all\u00ed empezar a ser eficientes en la realizaci\u00f3n del sistema. Es l\u00f3gico, es entendible, es as\u00ed.<\/p>\n<p style=\"text-align: justify;\">La distancia entre ambos grupos se nota cuando comienzan a haber cambios, o equipos alternativos, o los famosos mix. Es una distancia l\u00f3gica pero que no deja de existir.<\/p>\n<p style=\"text-align: justify;\">Y si bien el entrenador repetidamente ha expresado que tiene los jugadores para poder aplicar el mismo sistema, es claro que por caracter\u00edsticas individuales es casi imposible que se pueda dar, con distintos nombres, las asociaciones y t\u00e1ndems que se generan cuando juegan los que m\u00e1s masticado tienen el sistema.<\/p>\n<p style=\"text-align: justify;\">Hay una merma futbol\u00edstica en el Independiente de Holan, no hay por qu\u00e9 negarlo, sin embargo, tambi\u00e9n hay que darle el tiempo necesario a los jugadores que llegaron que se adapten y, en caso de no poder ejecutar el sistema ideal del entrenador, pensar en jugar de otra manera cuando los nombres cambian.<\/p>\n<p style=\"text-align: justify;\">Para dar un ejemplo visible: \u00a0quiz\u00e1s tenga que ser otra la distribuci\u00f3n de jugadores (formaci\u00f3n) cuando no puedan jugar juntos Ben\u00edtez, Meza, Fern\u00e1ndez y Gigliotti. Por nombrar jugadores con mucho tiempo junto a Holan.<\/p>\n<p style=\"text-align: justify;\">Es grande la cantidad de partidos y muchos los kil\u00f3metros que tiene que recorrer Independiente. Tendr\u00e1, por ende, poco tiempo real para trabajar. El DT necesitar\u00e1 de todo el plantel para lo que intenta y puede ser una alternativa manejar una manera distinta de sacar un partido adelante mientras le da el tiempo que necesitan los refuerzos.<\/p>\n<p style=\"text-align: justify;\">Es en vano lamentar puntos, de todas maneras, como bien dijo Holan todav\u00eda hay muchos en juego. Lo que no sobra es el tiempo ya que se viene un calendario apretado.<\/p>\n<p>&nbsp;<\/p>\n<p>&nbsp;<\/p>\n<p>&nbsp;<\/p>\n<p>Foto: Prensa CAI Oficial.<\/p>\n","protected":false},"excerpt":{"rendered":"<div class=\"mh-excerpt\"><p>Desde que Independiente comenz\u00f3 las competencias este a\u00f1o, la inc\u00f3gnita mayor se centr\u00f3 en c\u00f3mo har\u00eda Ariel Holan para que el funcionamiento de su sistema no se viera afectado por las salidas de los nombres <a class=\"mh-excerpt-more\" href=\"https:\/\/www.masrojo.com.ar\/home\/2018\/03\/17\/adaptacion-tiempo-y-el-plan-de-holan\/\" title=\"Adaptaci\u00f3n, tiempo y el plan de Holan\">[&#8230;]<\/a><\/p>\n<\/div>","protected":false},"author":2,"featured_media":0,"comment_status":"closed","ping_status":"closed","sticky":false,"template":"","format":"image","meta":{"_jetpack_memberships_contains_paid_content":false,"footnotes":"","jetpack_publicize_message":"","jetpack_publicize_feature_enabled":true,"jetpack_social_post_already_shared":true,"jetpack_social_options":{"image_generator_settings":{"template":"highway","enabled":false},"version":2}},"categories":[4,10],"tags":[163,27,23,17,32],"class_list":{"0":"post-9634","1":"post","2":"type-post","3":"status-publish","4":"format-image","6":"category-actualidad","7":"category-columnas","8":"tag-copa-libertadores","9":"tag-entrenamiento","10":"tag-holan","11":"tag-independiente","12":"tag-superliga","13":"post_format-post-format-image"},"jetpack_publicize_connections":[],"jetpack_sharing_enabled":true,"jetpack_featured_media_url":"","jetpack_shortlink":"https:\/\/wp.me\/p90W9F-2vo","_links":{"self":[{"href":"https:\/\/www.masrojo.com.ar\/home\/wp-json\/wp\/v2\/posts\/9634"}],"collection":[{"href":"https:\/\/www.masrojo.com.ar\/home\/wp-json\/wp\/v2\/posts"}],"about":[{"href":"https:\/\/www.masrojo.com.ar\/home\/wp-json\/wp\/v2\/types\/post"}],"author":[{"embeddable":true,"href":"https:\/\/www.masrojo.com.ar\/home\/wp-json\/wp\/v2\/users\/2"}],"replies":[{"embeddable":true,"href":"https:\/\/www.masrojo.com.ar\/home\/wp-json\/wp\/v2\/comments?post=9634"}],"version-history":[{"count":0,"href":"https:\/\/www.masrojo.com.ar\/home\/wp-json\/wp\/v2\/posts\/9634\/revisions"}],"wp:attachment":[{"href":"https:\/\/www.masrojo.com.ar\/home\/wp-json\/wp\/v2\/media?parent=9634"}],"wp:term":[{"taxonomy":"category","embeddable":true,"href":"https:\/\/www.masrojo.com.ar\/home\/wp-json\/wp\/v2\/categories?post=9634"},{"taxonomy":"post_tag","embeddable":true,"href":"https:\/\/www.masrojo.com.ar\/home\/wp-json\/wp\/v2\/tags?post=9634"}],"curies":[{"name":"wp","href":"https:\/\/api.w.org\/{rel}","templated":true}]}}