{"id":9834,"date":"2018-03-20T00:01:37","date_gmt":"2018-03-20T03:01:37","guid":{"rendered":"https:\/\/www.masrojo.com.ar\/home\/?p=9834"},"modified":"2018-03-20T00:02:42","modified_gmt":"2018-03-20T03:02:42","slug":"holan-es-una-pena-no-poder-aprovechar-la-oportunidad","status":"publish","type":"post","link":"https:\/\/www.masrojo.com.ar\/home\/2018\/03\/20\/holan-es-una-pena-no-poder-aprovechar-la-oportunidad\/","title":{"rendered":"Holan: \u00abEs una pena no poder aprovechar la oportunidad\u00bb"},"content":{"rendered":"<p style=\"text-align: justify;\">Luego de empatar con Tigre, el DT de Independiente dialog\u00f3 con la prensa en Victoria.<\/p>\n<p style=\"text-align: justify;\"><em><strong>\u00abEs dif\u00edcil en un plantel decir quien es titular<\/strong> y quien suplente, es depende los momentos. <strong>No es tan sencillo seguir con el mismo funcionamiento si no se repite el equipo\u00bb,<\/strong><\/em> explic\u00f3.<br \/>\n<em><strong><br \/>\n<\/strong>\u00abHoy<strong> me quedo con el esfuerzo<\/strong>\u00a0del equipo. Todav\u00eda <strong>quedan muchos puntos en disputa y el final es abierto. <\/strong>Nosotros tenemos la Libertadores y <strong>el esfuerzo es doble<\/strong>. Lo llevaremos lo mejor que se pueda<\/em>\u00ab, se mostr\u00f3 positivo Holan.<em><strong><br \/>\n<\/strong><\/em><br \/>\nEl entrenador del Rojo analiz\u00f3:<em> \u00abTenemos un sistema de juego que es muy claro. De a ratos tuvimos sincronizaciones buenas y tambien por momentos nos cost\u00f3. <strong>Fue una pena no aprovechar la oportunidad.<\/strong> Ten\u00edamos a algunos jugadores con algunos golpes sumado a la acumulaci\u00f3n de partidos\u00bb.<\/em><\/p>\n<p style=\"text-align: justify;\">El ex Defensa y Justicia se refiri\u00f3 puntualmente a algunos de sus dirigidos: <strong>\u00abRomero<\/strong> gambete\u00f3, jug\u00f3, se asoci\u00f3 e hizo un gol. Me voy m\u00e1s que satisfecho. En <strong>Men\u00e9ndez,<\/strong> ten\u00eda amarilla y se lo estaba buscando mucho. El <strong>Burrito Mart\u00ednez<\/strong> est\u00e1 impecable f\u00edsicamente. No pudo encontrar el juego que \u00e9l puede darnos\u00bb.<\/p>\n<p style=\"text-align: justify;\">El DT no pudo evitar referirse a la situaci\u00f3n de Meza y Bustos, citados ambos al seleccionado nacional:<em> \u00abLas cosas se dieron de este modo con los seleccionados<strong>. Me hubiese gustado que estuvi\u00e9semos todos en igualdad de condiciones,<\/strong> pero eso no ocurri\u00f3.<strong> En ning\u00fan momento me dijeron de postergarlo\u00bb.<\/strong><\/em><\/p>\n","protected":false},"excerpt":{"rendered":"<div class=\"mh-excerpt\"><p>Luego de empatar con Tigre, el DT de Independiente dialog\u00f3 con la prensa en Victoria. \u00abEs dif\u00edcil en un plantel decir quien es titular y quien suplente, es depende los momentos. No es tan sencillo <a class=\"mh-excerpt-more\" href=\"https:\/\/www.masrojo.com.ar\/home\/2018\/03\/20\/holan-es-una-pena-no-poder-aprovechar-la-oportunidad\/\" title=\"Holan: \u00abEs una pena no poder aprovechar la oportunidad\u00bb\">[&#8230;]<\/a><\/p>\n<\/div>","protected":false},"author":4,"featured_media":0,"comment_status":"closed","ping_status":"closed","sticky":false,"template":"","format":"image","meta":{"_jetpack_memberships_contains_paid_content":false,"footnotes":"","jetpack_publicize_message":"#Independiente | Holan: \"Es una pena no poder aprovechar la oportunidad\"","jetpack_publicize_feature_enabled":true,"jetpack_social_post_already_shared":true,"jetpack_social_options":{"image_generator_settings":{"template":"highway","enabled":false},"version":2}},"categories":[4],"tags":[141,23,17,32,331],"class_list":{"0":"post-9834","1":"post","2":"type-post","3":"status-publish","4":"format-image","6":"category-actualidad","7":"tag-declaraciones","8":"tag-holan","9":"tag-independiente","10":"tag-superliga","11":"tag-tigre","12":"post_format-post-format-image"},"jetpack_publicize_connections":[],"jetpack_sharing_enabled":true,"jetpack_featured_media_url":"","jetpack_shortlink":"https:\/\/wp.me\/p90W9F-2yC","_links":{"self":[{"href":"https:\/\/www.masrojo.com.ar\/home\/wp-json\/wp\/v2\/posts\/9834"}],"collection":[{"href":"https:\/\/www.masrojo.com.ar\/home\/wp-json\/wp\/v2\/posts"}],"about":[{"href":"https:\/\/www.masrojo.com.ar\/home\/wp-json\/wp\/v2\/types\/post"}],"author":[{"embeddable":true,"href":"https:\/\/www.masrojo.com.ar\/home\/wp-json\/wp\/v2\/users\/4"}],"replies":[{"embeddable":true,"href":"https:\/\/www.masrojo.com.ar\/home\/wp-json\/wp\/v2\/comments?post=9834"}],"version-history":[{"count":0,"href":"https:\/\/www.masrojo.com.ar\/home\/wp-json\/wp\/v2\/posts\/9834\/revisions"}],"wp:attachment":[{"href":"https:\/\/www.masrojo.com.ar\/home\/wp-json\/wp\/v2\/media?parent=9834"}],"wp:term":[{"taxonomy":"category","embeddable":true,"href":"https:\/\/www.masrojo.com.ar\/home\/wp-json\/wp\/v2\/categories?post=9834"},{"taxonomy":"post_tag","embeddable":true,"href":"https:\/\/www.masrojo.com.ar\/home\/wp-json\/wp\/v2\/tags?post=9834"}],"curies":[{"name":"wp","href":"https:\/\/api.w.org\/{rel}","templated":true}]}}