{"id":9962,"date":"2018-03-22T13:59:55","date_gmt":"2018-03-22T16:59:55","guid":{"rendered":"https:\/\/www.masrojo.com.ar\/home\/?p=9962"},"modified":"2018-03-22T13:59:55","modified_gmt":"2018-03-22T16:59:55","slug":"montana-estamos-a-total-disposicion-de-la-justicia-para-desbaratar-este-accionar","status":"publish","type":"post","link":"https:\/\/www.masrojo.com.ar\/home\/2018\/03\/22\/montana-estamos-a-total-disposicion-de-la-justicia-para-desbaratar-este-accionar\/","title":{"rendered":"Monta\u00f1a: \u00abEstamos a total disposici\u00f3n de la justicia para desbaratar este accionar\u00bb"},"content":{"rendered":"<p style=\"text-align: justify;\"><strong>El vicepresidente primero de Independiente rompi\u00f3 el silencio en la cadena deportiva \u00abTNT Sports\u00bb y se refiri\u00f3 al aberrante hecho que sufrieron los chicos de las inferiores del club, las cartas que tomar\u00e1n en el asunto y como se avanzar\u00e1 a partir de ahora en el caso.<\/strong><\/p>\n<p style=\"text-align: justify;\"><strong>ituaciones como estas a ning\u00fan dirigente le gusta pasar\u00bb<\/strong>\u00a0y cont\u00f3 que<strong>\u00a0\u00aben la pensi\u00f3n viven 53 chicos y se han mejorado las instalaciones desde que llegamos, pusimos un grupo de profesionales a cargo que han detectado esta situaci\u00f3n an\u00f3mala y la han puesto a disposici\u00f3n de los coordinadores para que hagamos la denuncia\u00bb.<\/strong>\u00a0Por otro lado, el dirigente del \u00abrojo\u00bb explic\u00f3 como sigue esta situaci\u00f3n: <strong>\u00abAhora, hay que esperar que la justicia haga las investigaciones correspondientes para poder desbaratar este tipo de accionar\u00bb<\/strong><\/p>\n<p>&nbsp;<\/p>\n<blockquote class=\"twitter-video\" data-lang=\"es\">\n<p dir=\"ltr\" lang=\"es\"><a href=\"https:\/\/twitter.com\/hashtag\/TNTSports?src=hash&amp;ref_src=twsrc%5Etfw\">#TNTSports<\/a> | Hablamos con Carlos Monta\u00f1a, VP 2\u00b0 de <a href=\"https:\/\/twitter.com\/hashtag\/Independiente?src=hash&amp;ref_src=twsrc%5Etfw\">#Independiente<\/a>, sobre el esc\u00e1ndalo que involucra a menores de las divisiones inferiores: \u00abHaremos todo lo que sea necesario para avanzar con la investigaci\u00f3n\u00bb <a href=\"https:\/\/t.co\/V58O6Nspio\">pic.twitter.com\/V58O6Nspio<\/a><\/p>\n<p>\u2014 TNT Sports LA (@TNTSportsLA) <a href=\"https:\/\/twitter.com\/TNTSportsLA\/status\/976841959921913858?ref_src=twsrc%5Etfw\">22 de marzo de 2018<\/a><\/p><\/blockquote>\n<p><script async src=\"https:\/\/platform.twitter.com\/widgets.js\" charset=\"utf-8\"><\/script><\/p>\n<p style=\"text-align: justify;\"><strong>\u00abEstamos en comunicaci\u00f3n junto a los responsables de la pensi\u00f3n porque tenemos\u00a0 una relaci\u00f3n cotidiana y permanente con los padres. Trabajamos con ellos y nuestra tarea es reforzar el trabajo de lo psic\u00f3logos porque los chicos necesitan otro tipo de asistencia a la que ya tienen. Ponemos todos los recursos y herramientas del club para tratar de salir r\u00e1pidamente de la situaci\u00f3n. Estaremos a disposici\u00f3n de la justicia en todo\u00a0 lo que haga falta para avanzar con la investigaci\u00f3n\u00bb<\/strong><\/p>\n<p style=\"text-align: justify;\">Por \u00faltimo, Monta\u00f1a se encarg\u00f3 de aclarar que <strong>\u00abestos hechos se produjeron fuera de la pensi\u00f3n pero con chicos que s\u00ed viven en ella pero no ocurri\u00f3 en las instalaciones de la instituci\u00f3n\u00bb.<\/strong><\/p>\n<p>&nbsp;<\/p>\n","protected":false},"excerpt":{"rendered":"<div class=\"mh-excerpt\"><p>El vicepresidente primero de Independiente rompi\u00f3 el silencio en la cadena deportiva \u00abTNT Sports\u00bb y se refiri\u00f3 al aberrante hecho que sufrieron los chicos de las inferiores del club, las cartas que tomar\u00e1n en el <a class=\"mh-excerpt-more\" href=\"https:\/\/www.masrojo.com.ar\/home\/2018\/03\/22\/montana-estamos-a-total-disposicion-de-la-justicia-para-desbaratar-este-accionar\/\" title=\"Monta\u00f1a: \u00abEstamos a total disposici\u00f3n de la justicia para desbaratar este accionar\u00bb\">[&#8230;]<\/a><\/p>\n<\/div>","protected":false},"author":2,"featured_media":0,"comment_status":"closed","ping_status":"closed","sticky":false,"template":"","format":"video","meta":{"_jetpack_memberships_contains_paid_content":false,"footnotes":"","jetpack_publicize_message":"","jetpack_publicize_feature_enabled":true,"jetpack_social_post_already_shared":true,"jetpack_social_options":{"image_generator_settings":{"template":"highway","enabled":false},"version":2}},"categories":[4,8],"tags":[17,260,354,353],"class_list":{"0":"post-9962","1":"post","2":"type-post","3":"status-publish","4":"format-video","6":"category-actualidad","7":"category-institucionales","8":"tag-independiente","9":"tag-inferiores","10":"tag-montana","11":"tag-pension","12":"post_format-post-format-video"},"jetpack_publicize_connections":[],"jetpack_sharing_enabled":true,"jetpack_featured_media_url":"","jetpack_shortlink":"https:\/\/wp.me\/p90W9F-2AG","_links":{"self":[{"href":"https:\/\/www.masrojo.com.ar\/home\/wp-json\/wp\/v2\/posts\/9962"}],"collection":[{"href":"https:\/\/www.masrojo.com.ar\/home\/wp-json\/wp\/v2\/posts"}],"about":[{"href":"https:\/\/www.masrojo.com.ar\/home\/wp-json\/wp\/v2\/types\/post"}],"author":[{"embeddable":true,"href":"https:\/\/www.masrojo.com.ar\/home\/wp-json\/wp\/v2\/users\/2"}],"replies":[{"embeddable":true,"href":"https:\/\/www.masrojo.com.ar\/home\/wp-json\/wp\/v2\/comments?post=9962"}],"version-history":[{"count":0,"href":"https:\/\/www.masrojo.com.ar\/home\/wp-json\/wp\/v2\/posts\/9962\/revisions"}],"wp:attachment":[{"href":"https:\/\/www.masrojo.com.ar\/home\/wp-json\/wp\/v2\/media?parent=9962"}],"wp:term":[{"taxonomy":"category","embeddable":true,"href":"https:\/\/www.masrojo.com.ar\/home\/wp-json\/wp\/v2\/categories?post=9962"},{"taxonomy":"post_tag","embeddable":true,"href":"https:\/\/www.masrojo.com.ar\/home\/wp-json\/wp\/v2\/tags?post=9962"}],"curies":[{"name":"wp","href":"https:\/\/api.w.org\/{rel}","templated":true}]}}